{"id":7134,"date":"2025-10-01T10:47:16","date_gmt":"2025-10-01T10:47:16","guid":{"rendered":"https:\/\/infogandia.es\/?p=7134"},"modified":"2025-10-01T10:47:17","modified_gmt":"2025-10-01T10:47:17","slug":"gandia-acoge-la-vi-cursa-de-les-empreses-de-la-safor-esic-el-proximo-16-de-noviembre","status":"publish","type":"post","link":"https:\/\/infogandia.es\/index.php\/2025\/10\/01\/gandia-acoge-la-vi-cursa-de-les-empreses-de-la-safor-esic-el-proximo-16-de-noviembre\/","title":{"rendered":"Gandia acoge la VI Cursa de les Empreses de la Safor-ESIC el pr\u00f3ximo 16 de noviembre"},"content":{"rendered":"\n<p>Gandia volver\u00e1 a ser escenario de una cita deportiva y empresarial con la celebraci\u00f3n de la VI Cursa de les Empreses de la Safor-ESIC, que tendr\u00e1 lugar el domingo 16 de noviembre con salida desde el barrio de Corea a las 9:30 horas. El evento est\u00e1 organizado por el Club de Atletismo Safor Teika, con el patrocinio de ESIC Business &amp; Marketing School, la colaboraci\u00f3n de FAES y el apoyo del Ayuntamiento de Gandia.<\/p>\n\n\n\n<p>La prueba recorrer\u00e1 aproximadamente 6 kil\u00f3metros por las calles del barrio de Corea y el centro hist\u00f3rico de Gandia, con puntos de avituallamiento y una completa bolsa del corredor para los participantes. Las inscripciones, ya abiertas en la web oficial, tienen un precio de 10 \u20ac hasta el 4 de noviembre, y de 12 \u20ac hasta el 11 de noviembre, fecha en la que finaliza el plazo. Podr\u00e1n participar tanto trabajadores como emprendedores de cualquier sector, de manera individual o en equipos de 2, 3 o 4 personas, en categor\u00edas masculina, femenina y mixta. Para facilitar el procedimiento, las empresas que deseen inscribir a 8 o m\u00e1s participantes pueden solicitar un formulario \u00fanico enviando un correo a <a>info@cursaempresessafor.com<\/a>.<\/p>\n\n\n\n<p>La concejala de Comercio y Empresa, Elena Moncho, destac\u00f3 que \u201cesta carrera es una oportunidad para visibilizar el dinamismo y la colaboraci\u00f3n del tejido empresarial de nuestra comarca, fomentando el trabajo en equipo, el bienestar y el compromiso con los Objetivos de Desarrollo Sostenible\u201d.<\/p>\n\n\n\n<p>Por su parte, el concejal de Deportes, Jes\u00fas Naveiro, se\u00f1al\u00f3 que \u201cse trata de una carrera abierta a todos, con una distancia asequible que se puede recorrer corriendo o caminando, combinando deporte, salud y cohesi\u00f3n social, adem\u00e1s de visibilizar el papel fundamental de las empresas\u201d. Naveiro tambi\u00e9n destac\u00f3 la importante participaci\u00f3n femenina, que ya supera el 50 %.<\/p>\n\n\n\n<p>El presidente del Club de Atletismo Safor Teika, Vicent Bosc\u00e0, record\u00f3 que este a\u00f1o \u201cadem\u00e1s de la carrera, habr\u00e1 actividades paralelas como el desayuno y un desfile de empresas participantes, as\u00ed como premios en diferentes categor\u00edas y un concurso de v\u00eddeos creativos sobre la carrera\u201d.<\/p>\n\n\n\n<p>La presentaci\u00f3n oficial del evento se realizar\u00e1 el 16 de octubre, a las 20:00 horas, en Foment de Agricultura, Industria y Comercio.<\/p>\n\n\n\n<p>Para m\u00e1s informaci\u00f3n e inscripciones: <a href=\"http:\/\/www.cursaempresessafor.com\">http:\/\/www.cursaempresessafor.com<\/a><\/p>\n","protected":false},"excerpt":{"rendered":"<p>Gandia volver\u00e1 a ser escenario de una cita deportiva y empresarial con la celebraci\u00f3n de la VI Cursa de les Empreses de la Safor-ESIC, que tendr\u00e1 lugar el domingo 16 de noviembre con salida desde el barrio de Corea a las 9:30 horas. El evento est\u00e1 organizado por el Club de Atletismo Safor Teika, con&#8230;<\/p>\n","protected":false},"author":1,"featured_media":7135,"comment_status":"open","ping_status":"open","sticky":false,"template":"","format":"standard","meta":{"footnotes":""},"categories":[1,4],"tags":[],"class_list":["post-7134","post","type-post","status-publish","format-standard","has-post-thumbnail","hentry","category-actualidad","category-deporte"],"_links":{"self":[{"href":"https:\/\/infogandia.es\/index.php\/wp-json\/wp\/v2\/posts\/7134","targetHints":{"allow":["GET"]}}],"collection":[{"href":"https:\/\/infogandia.es\/index.php\/wp-json\/wp\/v2\/posts"}],"about":[{"href":"https:\/\/infogandia.es\/index.php\/wp-json\/wp\/v2\/types\/post"}],"author":[{"embeddable":true,"href":"https:\/\/infogandia.es\/index.php\/wp-json\/wp\/v2\/users\/1"}],"replies":[{"embeddable":true,"href":"https:\/\/infogandia.es\/index.php\/wp-json\/wp\/v2\/comments?post=7134"}],"version-history":[{"count":1,"href":"https:\/\/infogandia.es\/index.php\/wp-json\/wp\/v2\/posts\/7134\/revisions"}],"predecessor-version":[{"id":7136,"href":"https:\/\/infogandia.es\/index.php\/wp-json\/wp\/v2\/posts\/7134\/revisions\/7136"}],"wp:featuredmedia":[{"embeddable":true,"href":"https:\/\/infogandia.es\/index.php\/wp-json\/wp\/v2\/media\/7135"}],"wp:attachment":[{"href":"https:\/\/infogandia.es\/index.php\/wp-json\/wp\/v2\/media?parent=7134"}],"wp:term":[{"taxonomy":"category","embeddable":true,"href":"https:\/\/infogandia.es\/index.php\/wp-json\/wp\/v2\/categories?post=7134"},{"taxonomy":"post_tag","embeddable":true,"href":"https:\/\/infogandia.es\/index.php\/wp-json\/wp\/v2\/tags?post=7134"}],"curies":[{"name":"wp","href":"https:\/\/api.w.org\/{rel}","templated":true}]}}