{"id":7157,"date":"2025-10-08T10:16:19","date_gmt":"2025-10-08T10:16:19","guid":{"rendered":"https:\/\/infogandia.es\/?p=7157"},"modified":"2025-10-08T10:16:19","modified_gmt":"2025-10-08T10:16:19","slug":"gandia-suspende-la-programacion-de-falla-a-la-mar-2025-por-motivos-meteorologicos","status":"publish","type":"post","link":"https:\/\/infogandia.es\/index.php\/2025\/10\/08\/gandia-suspende-la-programacion-de-falla-a-la-mar-2025-por-motivos-meteorologicos\/","title":{"rendered":"Gandia suspende la programaci\u00f3n de \u2018Falla a la Mar\u2019 2025 por motivos meteorol\u00f3gicos"},"content":{"rendered":"\n<p>El Ayuntamiento de Gandia, a trav\u00e9s del Departamento de Turismo y en coordinaci\u00f3n con las concejal\u00edas de Fallas y la Federaci\u00f3n de Fallas de Gandia, ha informado de la suspensi\u00f3n de la programaci\u00f3n de \u2018Falla a la Mar\u2019, que estaba prevista del 8 al 11 de octubre, debido a las condiciones meteorol\u00f3gicas adversas previstas para los pr\u00f3ximos d\u00edas.<\/p>\n\n\n\n<p>Desde el Departamento de Turismo y la Concejal\u00eda de Fallas ya se est\u00e1 trabajando conjuntamente para valorar nuevas fechas que permitan celebrar adecuadamente este evento.<\/p>\n","protected":false},"excerpt":{"rendered":"<p>El Ayuntamiento de Gandia, a trav\u00e9s del Departamento de Turismo y en coordinaci\u00f3n con las concejal\u00edas de Fallas y la Federaci\u00f3n de Fallas de Gandia, ha informado de la suspensi\u00f3n de la programaci\u00f3n de \u2018Falla a la Mar\u2019, que estaba prevista del 8 al 11 de octubre, debido a las condiciones meteorol\u00f3gicas adversas previstas para&#8230;<\/p>\n","protected":false},"author":1,"featured_media":7158,"comment_status":"open","ping_status":"open","sticky":false,"template":"","format":"standard","meta":{"footnotes":""},"categories":[1,27],"tags":[],"class_list":["post-7157","post","type-post","status-publish","format-standard","has-post-thumbnail","hentry","category-actualidad","category-sociedad"],"_links":{"self":[{"href":"https:\/\/infogandia.es\/index.php\/wp-json\/wp\/v2\/posts\/7157","targetHints":{"allow":["GET"]}}],"collection":[{"href":"https:\/\/infogandia.es\/index.php\/wp-json\/wp\/v2\/posts"}],"about":[{"href":"https:\/\/infogandia.es\/index.php\/wp-json\/wp\/v2\/types\/post"}],"author":[{"embeddable":true,"href":"https:\/\/infogandia.es\/index.php\/wp-json\/wp\/v2\/users\/1"}],"replies":[{"embeddable":true,"href":"https:\/\/infogandia.es\/index.php\/wp-json\/wp\/v2\/comments?post=7157"}],"version-history":[{"count":1,"href":"https:\/\/infogandia.es\/index.php\/wp-json\/wp\/v2\/posts\/7157\/revisions"}],"predecessor-version":[{"id":7159,"href":"https:\/\/infogandia.es\/index.php\/wp-json\/wp\/v2\/posts\/7157\/revisions\/7159"}],"wp:featuredmedia":[{"embeddable":true,"href":"https:\/\/infogandia.es\/index.php\/wp-json\/wp\/v2\/media\/7158"}],"wp:attachment":[{"href":"https:\/\/infogandia.es\/index.php\/wp-json\/wp\/v2\/media?parent=7157"}],"wp:term":[{"taxonomy":"category","embeddable":true,"href":"https:\/\/infogandia.es\/index.php\/wp-json\/wp\/v2\/categories?post=7157"},{"taxonomy":"post_tag","embeddable":true,"href":"https:\/\/infogandia.es\/index.php\/wp-json\/wp\/v2\/tags?post=7157"}],"curies":[{"name":"wp","href":"https:\/\/api.w.org\/{rel}","templated":true}]}}