{"id":7169,"date":"2025-10-08T10:23:20","date_gmt":"2025-10-08T10:23:20","guid":{"rendered":"https:\/\/infogandia.es\/?p=7169"},"modified":"2025-10-08T10:23:38","modified_gmt":"2025-10-08T10:23:38","slug":"gandia-pone-en-marcha-un-itinerario-formativo-de-voluntariado-para-el-proyecto-radars","status":"publish","type":"post","link":"https:\/\/infogandia.es\/index.php\/2025\/10\/08\/gandia-pone-en-marcha-un-itinerario-formativo-de-voluntariado-para-el-proyecto-radars\/","title":{"rendered":"Gandia pone en marcha un itinerario formativo de voluntariado para el proyecto \u2018Radars\u2019"},"content":{"rendered":"\n<p>El Ayuntamiento de Gandia, a trav\u00e9s del \u00c1rea de Sanidad, Pol\u00edticas Saludables y Calidad de Vida, contin\u00faa avanzando en el desarrollo del proyecto Radars Gandia, una iniciativa comunitaria orientada a la prevenci\u00f3n, detecci\u00f3n e intervenci\u00f3n de la soledad no deseada en las personas mayores del municipio.<\/p>\n\n\n\n<p>Con el objetivo de consolidar y ampliar su red ciudadana, se ha presentado el itinerario formativo del voluntariado Radars Gandia, dirigido a todas las personas que deseen sumarse al programa y colaborar en la lucha contra el aislamiento social de la tercera edad.<\/p>\n\n\n\n<p>Desde la concejal\u00eda se anima a la ciudadan\u00eda a participar como voluntarios. El \u00fanico requisito es dedicar dos horas semanales para realizar llamadas de acompa\u00f1amiento a personas mayores que viven solas, ofreciendo apoyo emocional, informaci\u00f3n sobre actividades locales y fomentando la creaci\u00f3n de un v\u00ednculo cercano que ayude a prevenir el aislamiento.<\/p>\n\n\n\n<p>La concejala del \u00c1rea de Sanidad, Pol\u00edticas Saludables y Calidad de Vida, Liduvina Gil, ha declarado: \u201cCon Radars Gandia queremos poner en valor la fuerza de la ciudadan\u00eda de Gandia y su compromiso. Ser voluntario significa regalar tiempo a nuestras personas mayores, y eso tiene un impacto directo en su salud emocional y bienestar. Animamos a todos a sumarse a esta red solidaria, porque con peque\u00f1os gestos se pueden lograr grandes cambios\u201d.<\/p>\n\n\n\n<p><strong>Fechas y sesiones formativas<\/strong><\/p>\n\n\n\n<p>Las sesiones tendr\u00e1n lugar en el Centro Asociativo Joan Climent (Plaza Xocolateres, 6 \u2013 Gandia) en las siguientes fechas:<\/p>\n\n\n\n<ul class=\"wp-block-list\">\n<li><strong>Sesi\u00f3n 1:<\/strong> Conoce el programa Radars Gandia: funcionamiento y c\u00f3mo formar parte. Viernes 17 de octubre, de 10:00 a 12:00 h.<\/li>\n\n\n\n<li><strong>Sesi\u00f3n 2:<\/strong> Habilidades sociales: t\u00e9cnicas de comunicaci\u00f3n y escucha activa para acompa\u00f1ar a personas mayores. Viernes 24 de octubre, de 10:00 a 12:00 h.<\/li>\n\n\n\n<li><strong>Sesiones 3 y 4:<\/strong> Derechos y deberes de los voluntarios, compromiso y clausura. Viernes 7 de noviembre, de 10:00 a 13:00 h.<\/li>\n<\/ul>\n\n\n\n<p>Las personas interesadas en formar parte de la red de voluntariado Radars Gandia pueden contactar a trav\u00e9s del correo electr\u00f3nico <strong><a>radarsgandia@gmail.com<\/a><\/strong> o del tel\u00e9fono <strong>631 996 929<\/strong>.<\/p>\n","protected":false},"excerpt":{"rendered":"<p>El Ayuntamiento de Gandia, a trav\u00e9s del \u00c1rea de Sanidad, Pol\u00edticas Saludables y Calidad de Vida, contin\u00faa avanzando en el desarrollo del proyecto Radars Gandia, una iniciativa comunitaria orientada a la prevenci\u00f3n, detecci\u00f3n e intervenci\u00f3n de la soledad no deseada en las personas mayores del municipio. Con el objetivo de consolidar y ampliar su red&#8230;<\/p>\n","protected":false},"author":1,"featured_media":7170,"comment_status":"open","ping_status":"open","sticky":false,"template":"","format":"standard","meta":{"footnotes":""},"categories":[1,27],"tags":[],"class_list":["post-7169","post","type-post","status-publish","format-standard","has-post-thumbnail","hentry","category-actualidad","category-sociedad"],"_links":{"self":[{"href":"https:\/\/infogandia.es\/index.php\/wp-json\/wp\/v2\/posts\/7169","targetHints":{"allow":["GET"]}}],"collection":[{"href":"https:\/\/infogandia.es\/index.php\/wp-json\/wp\/v2\/posts"}],"about":[{"href":"https:\/\/infogandia.es\/index.php\/wp-json\/wp\/v2\/types\/post"}],"author":[{"embeddable":true,"href":"https:\/\/infogandia.es\/index.php\/wp-json\/wp\/v2\/users\/1"}],"replies":[{"embeddable":true,"href":"https:\/\/infogandia.es\/index.php\/wp-json\/wp\/v2\/comments?post=7169"}],"version-history":[{"count":1,"href":"https:\/\/infogandia.es\/index.php\/wp-json\/wp\/v2\/posts\/7169\/revisions"}],"predecessor-version":[{"id":7171,"href":"https:\/\/infogandia.es\/index.php\/wp-json\/wp\/v2\/posts\/7169\/revisions\/7171"}],"wp:featuredmedia":[{"embeddable":true,"href":"https:\/\/infogandia.es\/index.php\/wp-json\/wp\/v2\/media\/7170"}],"wp:attachment":[{"href":"https:\/\/infogandia.es\/index.php\/wp-json\/wp\/v2\/media?parent=7169"}],"wp:term":[{"taxonomy":"category","embeddable":true,"href":"https:\/\/infogandia.es\/index.php\/wp-json\/wp\/v2\/categories?post=7169"},{"taxonomy":"post_tag","embeddable":true,"href":"https:\/\/infogandia.es\/index.php\/wp-json\/wp\/v2\/tags?post=7169"}],"curies":[{"name":"wp","href":"https:\/\/api.w.org\/{rel}","templated":true}]}}