{"id":7184,"date":"2025-10-08T15:12:37","date_gmt":"2025-10-08T15:12:37","guid":{"rendered":"https:\/\/infogandia.es\/?p=7184"},"modified":"2025-10-08T15:12:38","modified_gmt":"2025-10-08T15:12:38","slug":"gandia-celebra-la-segunda-jornada-de-la-feria-inclusiva","status":"publish","type":"post","link":"https:\/\/infogandia.es\/index.php\/2025\/10\/08\/gandia-celebra-la-segunda-jornada-de-la-feria-inclusiva\/","title":{"rendered":"Gandia celebra la segunda jornada de la Feria Inclusiva"},"content":{"rendered":"\n<p>El recinto ferial de Gandia ha acogido hoy la segunda jornada de la Feria Inclusiva, una iniciativa dise\u00f1ada para garantizar la accesibilidad de las personas con sensibilidad auditiva. Durante esta jornada, los asistentes han podido disfrutar de las atracciones sin m\u00fasica ni ruidos elevados, creando as\u00ed un entorno m\u00e1s amable e inclusivo.<\/p>\n\n\n\n<p>El alcalde de Gandia, Jos\u00e9 Manuel Prieto, acompa\u00f1ado por varios representantes municipales, ha visitado el recinto y ha acompa\u00f1ado a los integrantes de las distintas asociaciones de la ciudad que han participado en esta actividad y disfrutado de las atracciones instaladas.<\/p>\n\n\n\n<p><\/p>\n","protected":false},"excerpt":{"rendered":"<p>El recinto ferial de Gandia ha acogido hoy la segunda jornada de la Feria Inclusiva, una iniciativa dise\u00f1ada para garantizar la accesibilidad de las personas con sensibilidad auditiva. Durante esta jornada, los asistentes han podido disfrutar de las atracciones sin m\u00fasica ni ruidos elevados, creando as\u00ed un entorno m\u00e1s amable e inclusivo. El alcalde de&#8230;<\/p>\n","protected":false},"author":1,"featured_media":7185,"comment_status":"open","ping_status":"open","sticky":false,"template":"","format":"standard","meta":{"footnotes":""},"categories":[1,27],"tags":[],"class_list":["post-7184","post","type-post","status-publish","format-standard","has-post-thumbnail","hentry","category-actualidad","category-sociedad"],"_links":{"self":[{"href":"https:\/\/infogandia.es\/index.php\/wp-json\/wp\/v2\/posts\/7184","targetHints":{"allow":["GET"]}}],"collection":[{"href":"https:\/\/infogandia.es\/index.php\/wp-json\/wp\/v2\/posts"}],"about":[{"href":"https:\/\/infogandia.es\/index.php\/wp-json\/wp\/v2\/types\/post"}],"author":[{"embeddable":true,"href":"https:\/\/infogandia.es\/index.php\/wp-json\/wp\/v2\/users\/1"}],"replies":[{"embeddable":true,"href":"https:\/\/infogandia.es\/index.php\/wp-json\/wp\/v2\/comments?post=7184"}],"version-history":[{"count":1,"href":"https:\/\/infogandia.es\/index.php\/wp-json\/wp\/v2\/posts\/7184\/revisions"}],"predecessor-version":[{"id":7186,"href":"https:\/\/infogandia.es\/index.php\/wp-json\/wp\/v2\/posts\/7184\/revisions\/7186"}],"wp:featuredmedia":[{"embeddable":true,"href":"https:\/\/infogandia.es\/index.php\/wp-json\/wp\/v2\/media\/7185"}],"wp:attachment":[{"href":"https:\/\/infogandia.es\/index.php\/wp-json\/wp\/v2\/media?parent=7184"}],"wp:term":[{"taxonomy":"category","embeddable":true,"href":"https:\/\/infogandia.es\/index.php\/wp-json\/wp\/v2\/categories?post=7184"},{"taxonomy":"post_tag","embeddable":true,"href":"https:\/\/infogandia.es\/index.php\/wp-json\/wp\/v2\/tags?post=7184"}],"curies":[{"name":"wp","href":"https:\/\/api.w.org\/{rel}","templated":true}]}}