{"id":7194,"date":"2025-10-09T14:55:59","date_gmt":"2025-10-09T14:55:59","guid":{"rendered":"https:\/\/infogandia.es\/?p=7194"},"modified":"2025-10-13T14:56:48","modified_gmt":"2025-10-13T14:56:48","slug":"lalqueria-de-la-comtessa-celebra-la-decima-fira-gastronomica-del-9-de-octubre-con-cuatro-dias-de-cultura-y-cocina-popular","status":"publish","type":"post","link":"https:\/\/infogandia.es\/index.php\/2025\/10\/09\/lalqueria-de-la-comtessa-celebra-la-decima-fira-gastronomica-del-9-de-octubre-con-cuatro-dias-de-cultura-y-cocina-popular\/","title":{"rendered":"L\u2019Alqueria de la Comtessa celebra la d\u00e9cima Fira Gastron\u00f3mica del 9 de Octubre con cuatro d\u00edas de cultura y cocina popular"},"content":{"rendered":"\n<p>El municipio de L\u2019Alqueria de la Comtessa celebra la d\u00e9cima edici\u00f3n de su <strong>Fira Gastron\u00f2mica del 9 d\u2019Octubre<\/strong>, que se desarrollar\u00e1 del <strong>mi\u00e9rcoles 8 al s\u00e1bado 11 de octubre<\/strong> con una programaci\u00f3n que combina gastronom\u00eda, cultura y m\u00fasica, abierta a toda la ciudadan\u00eda.<\/p>\n\n\n\n<p>La feria comienza el <strong>mi\u00e9rcoles 8 a las 20:30 horas<\/strong> con el mon\u00f3logo del humorista <strong>Miki Dkai<\/strong> en la Casa de la Cultura, seguido de la tradicional <strong>Figatellada Gegant<\/strong> en el aparcamiento del campo de f\u00fatbol. El evento, organizado por el Ayuntamiento y la Fil\u00e0 Els Comtessos, incluir\u00e1 un <strong>cena popular<\/strong> con figatells, pan, bebida y caf\u00e9, acompa\u00f1ada de un bingo a cargo de la Asociaci\u00f3n de Mujeres de L\u2019Alqueria.<\/p>\n\n\n\n<p>El <strong>jueves 9 de octubre<\/strong>, D\u00eda de la Comunidad Valenciana, la celebraci\u00f3n continuar\u00e1 con una <strong>cercavila<\/strong> de la banda de m\u00fasica local a partir de las 12:00 horas, que recorrer\u00e1 las calles del municipio para poner el toque festivo a la jornada.<\/p>\n\n\n\n<p>El <strong>viernes 10<\/strong> por la ma\u00f1ana, la Casa de la Cultura acoger\u00e1 la actividad infantil <strong>Escuela Masterchef<\/strong>, dirigida a ni\u00f1os y ni\u00f1as de 3 a 11 a\u00f1os, con inscripci\u00f3n previa en el Ayuntamiento. Por la noche, en la carpa del aparcamiento del campo de f\u00fatbol, tendr\u00e1 lugar <strong>\u201cAnem de Tapes\u201d<\/strong>, un encuentro gastron\u00f3mico con la participaci\u00f3n de diversas asociaciones locales y animaci\u00f3n musical del grupo <strong>Jotajaybers<\/strong>.<\/p>\n\n\n\n<p>La programaci\u00f3n concluir\u00e1 el <strong>s\u00e1bado 11<\/strong> con un <strong>concurso de paellas<\/strong> en el aparcamiento del campo de f\u00fatbol. El Ayuntamiento proporcionar\u00e1 los ingredientes a los participantes, que podr\u00e1n recogerlos en el mismo espacio antes del inicio del evento, que tambi\u00e9n contar\u00e1 con animaci\u00f3n musical.<\/p>\n\n\n\n<p>El alcalde de L\u2019Alqueria de la Comtessa, <strong>Voro Femenia<\/strong>, ha se\u00f1alado que esta d\u00e9cima edici\u00f3n \u201cconsolida la Fira Gastron\u00f3mica como una cita imprescindible en el calendario festivo del pueblo, donde la gastronom\u00eda y la m\u00fasica acompa\u00f1an a los vecinos durante la celebraci\u00f3n del D\u00eda de los Valencianos\u201d.<\/p>\n","protected":false},"excerpt":{"rendered":"<p>El municipio de L\u2019Alqueria de la Comtessa celebra la d\u00e9cima edici\u00f3n de su Fira Gastron\u00f2mica del 9 d\u2019Octubre, que se desarrollar\u00e1 del mi\u00e9rcoles 8 al s\u00e1bado 11 de octubre con una programaci\u00f3n que combina gastronom\u00eda, cultura y m\u00fasica, abierta a toda la ciudadan\u00eda. La feria comienza el mi\u00e9rcoles 8 a las 20:30 horas con el&#8230;<\/p>\n","protected":false},"author":1,"featured_media":7196,"comment_status":"open","ping_status":"open","sticky":false,"template":"","format":"standard","meta":{"footnotes":""},"categories":[1],"tags":[],"class_list":["post-7194","post","type-post","status-publish","format-standard","has-post-thumbnail","hentry","category-actualidad"],"_links":{"self":[{"href":"https:\/\/infogandia.es\/index.php\/wp-json\/wp\/v2\/posts\/7194","targetHints":{"allow":["GET"]}}],"collection":[{"href":"https:\/\/infogandia.es\/index.php\/wp-json\/wp\/v2\/posts"}],"about":[{"href":"https:\/\/infogandia.es\/index.php\/wp-json\/wp\/v2\/types\/post"}],"author":[{"embeddable":true,"href":"https:\/\/infogandia.es\/index.php\/wp-json\/wp\/v2\/users\/1"}],"replies":[{"embeddable":true,"href":"https:\/\/infogandia.es\/index.php\/wp-json\/wp\/v2\/comments?post=7194"}],"version-history":[{"count":1,"href":"https:\/\/infogandia.es\/index.php\/wp-json\/wp\/v2\/posts\/7194\/revisions"}],"predecessor-version":[{"id":7197,"href":"https:\/\/infogandia.es\/index.php\/wp-json\/wp\/v2\/posts\/7194\/revisions\/7197"}],"wp:featuredmedia":[{"embeddable":true,"href":"https:\/\/infogandia.es\/index.php\/wp-json\/wp\/v2\/media\/7196"}],"wp:attachment":[{"href":"https:\/\/infogandia.es\/index.php\/wp-json\/wp\/v2\/media?parent=7194"}],"wp:term":[{"taxonomy":"category","embeddable":true,"href":"https:\/\/infogandia.es\/index.php\/wp-json\/wp\/v2\/categories?post=7194"},{"taxonomy":"post_tag","embeddable":true,"href":"https:\/\/infogandia.es\/index.php\/wp-json\/wp\/v2\/tags?post=7194"}],"curies":[{"name":"wp","href":"https:\/\/api.w.org\/{rel}","templated":true}]}}