{"id":7198,"date":"2025-10-13T14:57:26","date_gmt":"2025-10-13T14:57:26","guid":{"rendered":"https:\/\/infogandia.es\/?p=7198"},"modified":"2025-10-13T14:57:26","modified_gmt":"2025-10-13T14:57:26","slug":"gandia-sufre-un-pico-historico-de-lluvias-y-se-activa-la-alerta-roja","status":"publish","type":"post","link":"https:\/\/infogandia.es\/index.php\/2025\/10\/13\/gandia-sufre-un-pico-historico-de-lluvias-y-se-activa-la-alerta-roja\/","title":{"rendered":"Gandia sufre un pico hist\u00f3rico de lluvias y se activa la alerta roja"},"content":{"rendered":"\n<p>Gandia ha registrado este lunes un <strong>episodio de precipitaciones extraordinario<\/strong>, con <strong>102 litros por metro cuadrado en apenas una hora<\/strong>, como consecuencia de la DANA Alice. En solo 10 minutos, se llegaron a acumular m\u00e1s de 40 litros, una cantidad <strong>cuatro veces superior a lo considerado lluvia torrencial<\/strong>. Desde el pasado 29 de septiembre, se han acumulado m\u00e1s de 360 litros en el Centro Hist\u00f3rico y 392 litros en la zona del Cam\u00ed de la Mar.<\/p>\n\n\n\n<p>Ante esta situaci\u00f3n, la <strong>Generalitat Valenciana (GVA) ha decretado la alerta roja<\/strong>, vigente hasta las 12 de la noche, y los servicios de emergencia han emitido avisos mediante Es-Alert a los tel\u00e9fonos m\u00f3viles de varias localidades, incluida Gandia.<\/p>\n\n\n\n<p>El Ayuntamiento, a trav\u00e9s del <strong>CECOPAL<\/strong>, ha adoptado varias medidas preventivas:<\/p>\n\n\n\n<ul class=\"wp-block-list\">\n<li><strong>Suspensi\u00f3n de clases<\/strong> en todos los centros educativos durante el resto de la jornada.<\/li>\n\n\n\n<li><strong>Cierre de instalaciones deportivas, parques, jardines, bibliotecas infantiles y de barrio<\/strong>, as\u00ed como del cementerio municipal.<\/li>\n\n\n\n<li><strong>Recomendaci\u00f3n de evitar desplazamientos innecesarios<\/strong> y de no acceder a zonas bajas o propensas a acumulaci\u00f3n de agua.<\/li>\n<\/ul>\n\n\n\n<p>El alcalde de Gandia, <strong>Jos\u00e9 Manuel Prieto<\/strong>, ha calificado el episodio como \u201cuna <strong>lluvia torrencial de extraordinaria intensidad en muy poco tiempo<\/strong>\u201d, que ha provocado calles inundadas y algunas retenciones de tr\u00e1fico. Prieto ha insistido en que todos los dispositivos municipales de emergencia est\u00e1n activados y ha pedido a la poblaci\u00f3n <strong>extremar precauciones<\/strong> mientras dure la alerta.<\/p>\n\n\n\n<p>El CECOPAL celebrar\u00e1 una <strong>nueva reuni\u00f3n a las 19:00 horas<\/strong> para evaluar la situaci\u00f3n y decidir posibles medidas adicionales.<\/p>\n\n\n\n<p><strong>V\u00edas afectadas:<\/strong> Cam\u00ed Sanchis (Marxuquera), Rac\u00f3 de Tomba (Marxuquera), Cam\u00ed Pedregal (Rafalca\u00efd), Cam\u00ed de la Baronessa, Cam\u00ed de Santa Marta (Marxuquera), Carrer Rioja, Cam\u00ed Alqueria Potes, Cam\u00ed Fondo, Av. del Mar \/ Enginyer Navarro Reverter, Devesa, Assagador de Morant.<\/p>\n","protected":false},"excerpt":{"rendered":"<p>Gandia ha registrado este lunes un episodio de precipitaciones extraordinario, con 102 litros por metro cuadrado en apenas una hora, como consecuencia de la DANA Alice. En solo 10 minutos, se llegaron a acumular m\u00e1s de 40 litros, una cantidad cuatro veces superior a lo considerado lluvia torrencial. Desde el pasado 29 de septiembre, se&#8230;<\/p>\n","protected":false},"author":1,"featured_media":7195,"comment_status":"open","ping_status":"open","sticky":false,"template":"","format":"standard","meta":{"footnotes":""},"categories":[1,27],"tags":[],"class_list":["post-7198","post","type-post","status-publish","format-standard","has-post-thumbnail","hentry","category-actualidad","category-sociedad"],"_links":{"self":[{"href":"https:\/\/infogandia.es\/index.php\/wp-json\/wp\/v2\/posts\/7198","targetHints":{"allow":["GET"]}}],"collection":[{"href":"https:\/\/infogandia.es\/index.php\/wp-json\/wp\/v2\/posts"}],"about":[{"href":"https:\/\/infogandia.es\/index.php\/wp-json\/wp\/v2\/types\/post"}],"author":[{"embeddable":true,"href":"https:\/\/infogandia.es\/index.php\/wp-json\/wp\/v2\/users\/1"}],"replies":[{"embeddable":true,"href":"https:\/\/infogandia.es\/index.php\/wp-json\/wp\/v2\/comments?post=7198"}],"version-history":[{"count":1,"href":"https:\/\/infogandia.es\/index.php\/wp-json\/wp\/v2\/posts\/7198\/revisions"}],"predecessor-version":[{"id":7199,"href":"https:\/\/infogandia.es\/index.php\/wp-json\/wp\/v2\/posts\/7198\/revisions\/7199"}],"wp:featuredmedia":[{"embeddable":true,"href":"https:\/\/infogandia.es\/index.php\/wp-json\/wp\/v2\/media\/7195"}],"wp:attachment":[{"href":"https:\/\/infogandia.es\/index.php\/wp-json\/wp\/v2\/media?parent=7198"}],"wp:term":[{"taxonomy":"category","embeddable":true,"href":"https:\/\/infogandia.es\/index.php\/wp-json\/wp\/v2\/categories?post=7198"},{"taxonomy":"post_tag","embeddable":true,"href":"https:\/\/infogandia.es\/index.php\/wp-json\/wp\/v2\/tags?post=7198"}],"curies":[{"name":"wp","href":"https:\/\/api.w.org\/{rel}","templated":true}]}}