{"id":7200,"date":"2025-10-13T15:39:07","date_gmt":"2025-10-13T15:39:07","guid":{"rendered":"https:\/\/infogandia.es\/?p=7200"},"modified":"2025-10-13T15:39:07","modified_gmt":"2025-10-13T15:39:07","slug":"el-pp-critica-la-gestion-del-alcalde-prieto-durante-el-episodio-de-lluvias-y-pide-mas-rigor-en-la-aplicacion-del-plan-de-emergencias","status":"publish","type":"post","link":"https:\/\/infogandia.es\/index.php\/2025\/10\/13\/el-pp-critica-la-gestion-del-alcalde-prieto-durante-el-episodio-de-lluvias-y-pide-mas-rigor-en-la-aplicacion-del-plan-de-emergencias\/","title":{"rendered":"El PP critica la gesti\u00f3n del alcalde Prieto durante el episodio de lluvias y pide m\u00e1s rigor en la aplicaci\u00f3n del plan de emergencias"},"content":{"rendered":"\n<p><br>El <strong>Partido Popular de Gandia<\/strong> ha criticado la actuaci\u00f3n del Gobierno local durante el episodio de lluvias torrenciales registrado en las \u00faltimas horas, acusando al alcalde <strong>Jos\u00e9 Manuel Prieto<\/strong> de \u201cfalta de decisi\u00f3n\u201d por no haber suspendido las clases pese al nivel de alerta roja decretado por la Generalitat Valenciana.<\/p>\n\n\n\n<figure class=\"wp-block-image size-large\"><img fetchpriority=\"high\" decoding=\"async\" width=\"603\" height=\"1024\" src=\"http:\/\/infogandia.es\/wp-content\/uploads\/2025\/10\/7dd424a6-be97-4db7-95ea-0ef2a9b6a3d8-603x1024.jpg\" alt=\"\" class=\"wp-image-7201\" srcset=\"https:\/\/infogandia.es\/wp-content\/uploads\/2025\/10\/7dd424a6-be97-4db7-95ea-0ef2a9b6a3d8-603x1024.jpg 603w, https:\/\/infogandia.es\/wp-content\/uploads\/2025\/10\/7dd424a6-be97-4db7-95ea-0ef2a9b6a3d8-177x300.jpg 177w, https:\/\/infogandia.es\/wp-content\/uploads\/2025\/10\/7dd424a6-be97-4db7-95ea-0ef2a9b6a3d8-768x1305.jpg 768w, https:\/\/infogandia.es\/wp-content\/uploads\/2025\/10\/7dd424a6-be97-4db7-95ea-0ef2a9b6a3d8-904x1536.jpg 904w, https:\/\/infogandia.es\/wp-content\/uploads\/2025\/10\/7dd424a6-be97-4db7-95ea-0ef2a9b6a3d8.jpg 1205w\" sizes=\"(max-width: 603px) 100vw, 603px\" \/><\/figure>\n\n\n\n<p>El portavoz del Grupo Municipal Popular, <strong>V\u00edctor Soler<\/strong>, ha recordado que el <strong>Plan de Emergencia frente al Riesgo de Inundaciones de Gandia<\/strong> identifica varias zonas del t\u00e9rmino municipal como inundables, entre ellas el Grau, la Playa, Beniopa y Santa Anna, \u201cpor lo que deber\u00edan haberse adoptado medidas preventivas, incluyendo la suspensi\u00f3n de la actividad lectiva en los centros ubicados en dichas \u00e1reas\u201d.<\/p>\n\n\n\n<p>Soler ha lamentado tambi\u00e9n que el Partido Popular no forme parte del <strong>CECOPAL<\/strong>, el comit\u00e9 municipal de emergencias, y ha afirmado que su participaci\u00f3n \u201cpodr\u00eda haber ayudado a minimizar los da\u00f1os del temporal y a recordar lo que establece el propio Plan de Inundaciones\u201d.<\/p>\n\n\n\n<figure class=\"wp-block-image size-large\"><img decoding=\"async\" width=\"1024\" height=\"768\" src=\"http:\/\/infogandia.es\/wp-content\/uploads\/2025\/10\/c789485b-01fa-4413-b9a2-fcb923658880-1024x768.jpg\" alt=\"\" class=\"wp-image-7203\" srcset=\"https:\/\/infogandia.es\/wp-content\/uploads\/2025\/10\/c789485b-01fa-4413-b9a2-fcb923658880-1024x768.jpg 1024w, https:\/\/infogandia.es\/wp-content\/uploads\/2025\/10\/c789485b-01fa-4413-b9a2-fcb923658880-300x225.jpg 300w, https:\/\/infogandia.es\/wp-content\/uploads\/2025\/10\/c789485b-01fa-4413-b9a2-fcb923658880-768x576.jpg 768w, https:\/\/infogandia.es\/wp-content\/uploads\/2025\/10\/c789485b-01fa-4413-b9a2-fcb923658880-1536x1152.jpg 1536w, https:\/\/infogandia.es\/wp-content\/uploads\/2025\/10\/c789485b-01fa-4413-b9a2-fcb923658880.jpg 1600w\" sizes=\"(max-width: 1024px) 100vw, 1024px\" \/><\/figure>\n\n\n\n<p>El portavoz popular ha hecho referencia, adem\u00e1s, al <strong>derrumbamiento parcial del techo de una escoleta<\/strong>, ocurrido durante el temporal, un incidente en el que no se han registrado heridos. \u201cPor suerte no ha habido desgracias, pero podr\u00eda no haber sido as\u00ed\u201d, ha se\u00f1alado.<\/p>\n\n\n\n<p>En este sentido, Soler ha insistido en que \u201csi el Gobierno local siguiera con rigor su propio plan, habr\u00eda suspendido las clases en los colegios situados en zonas inundables\u201d, y ha cuestionado que se \u201cminimice un riesgo perfectamente identificado en la documentaci\u00f3n municipal\u201d.<\/p>\n\n\n\n<p>El dirigente popular tambi\u00e9n ha denunciado la \u201c<strong>falta de limpieza y mantenimiento de alcantarillas e imbornales<\/strong>\u201d, que, seg\u00fan ha afirmado, provoca inundaciones recurrentes en calles, locales y viviendas cada vez que llueve con intensidad. \u201cNo basta con decir que los centros son seguros o grabar v\u00eddeos de limpieza; hay que actuar conforme al nivel de riesgo y a los documentos oficiales aprobados por el propio Ayuntamiento\u201d, ha concluido Soler, quien ha reclamado al alcalde socialista \u201cmenos confeti y m\u00e1s gesti\u00f3n\u201d.<\/p>\n","protected":false},"excerpt":{"rendered":"<p>El Partido Popular de Gandia ha criticado la actuaci\u00f3n del Gobierno local durante el episodio de lluvias torrenciales registrado en las \u00faltimas horas, acusando al alcalde Jos\u00e9 Manuel Prieto de \u201cfalta de decisi\u00f3n\u201d por no haber suspendido las clases pese al nivel de alerta roja decretado por la Generalitat Valenciana. El portavoz del Grupo Municipal&#8230;<\/p>\n","protected":false},"author":1,"featured_media":7202,"comment_status":"open","ping_status":"open","sticky":false,"template":"","format":"standard","meta":{"footnotes":""},"categories":[1],"tags":[],"class_list":["post-7200","post","type-post","status-publish","format-standard","has-post-thumbnail","hentry","category-actualidad"],"_links":{"self":[{"href":"https:\/\/infogandia.es\/index.php\/wp-json\/wp\/v2\/posts\/7200","targetHints":{"allow":["GET"]}}],"collection":[{"href":"https:\/\/infogandia.es\/index.php\/wp-json\/wp\/v2\/posts"}],"about":[{"href":"https:\/\/infogandia.es\/index.php\/wp-json\/wp\/v2\/types\/post"}],"author":[{"embeddable":true,"href":"https:\/\/infogandia.es\/index.php\/wp-json\/wp\/v2\/users\/1"}],"replies":[{"embeddable":true,"href":"https:\/\/infogandia.es\/index.php\/wp-json\/wp\/v2\/comments?post=7200"}],"version-history":[{"count":1,"href":"https:\/\/infogandia.es\/index.php\/wp-json\/wp\/v2\/posts\/7200\/revisions"}],"predecessor-version":[{"id":7205,"href":"https:\/\/infogandia.es\/index.php\/wp-json\/wp\/v2\/posts\/7200\/revisions\/7205"}],"wp:featuredmedia":[{"embeddable":true,"href":"https:\/\/infogandia.es\/index.php\/wp-json\/wp\/v2\/media\/7202"}],"wp:attachment":[{"href":"https:\/\/infogandia.es\/index.php\/wp-json\/wp\/v2\/media?parent=7200"}],"wp:term":[{"taxonomy":"category","embeddable":true,"href":"https:\/\/infogandia.es\/index.php\/wp-json\/wp\/v2\/categories?post=7200"},{"taxonomy":"post_tag","embeddable":true,"href":"https:\/\/infogandia.es\/index.php\/wp-json\/wp\/v2\/tags?post=7200"}],"curies":[{"name":"wp","href":"https:\/\/api.w.org\/{rel}","templated":true}]}}