{"id":7206,"date":"2025-10-14T07:32:03","date_gmt":"2025-10-14T07:32:03","guid":{"rendered":"https:\/\/infogandia.es\/?p=7206"},"modified":"2025-10-14T07:32:04","modified_gmt":"2025-10-14T07:32:04","slug":"sagunto-acogera-el-12-de-noviembre-el-encuentro-clientes-proveedores-de-la-comunidad-valenciana-en-el-que-volvera-a-participar-faes-tras-el-exito-de-las-ediciones-anteriores","status":"publish","type":"post","link":"https:\/\/infogandia.es\/index.php\/2025\/10\/14\/sagunto-acogera-el-12-de-noviembre-el-encuentro-clientes-proveedores-de-la-comunidad-valenciana-en-el-que-volvera-a-participar-faes-tras-el-exito-de-las-ediciones-anteriores\/","title":{"rendered":"Sagunto acoger\u00e1 el 12 de noviembre el Encuentro Clientes-Proveedores de la Comunidad Valenciana, en el que volver\u00e1 a participar FAES tras el \u00e9xito de las ediciones anteriores"},"content":{"rendered":"\n<p>El pr\u00f3ximo mi\u00e9rcoles 12 de noviembre, el Museo Industrial y de la Memoria Obrera de Sagunto ser\u00e1 el escenario del <strong>Encuentro Clientes-Proveedores de la Comunidad Valenciana<\/strong>, una iniciativa impulsada por asociaciones empresariales comarcales intersectoriales de las tres provincias, entre ellas <strong>FAES<\/strong>, que repite participaci\u00f3n tras el \u00e9xito de a\u00f1os anteriores.<\/p>\n\n\n\n<p>El encuentro tiene como objetivo <strong>potenciar las oportunidades de negocio de proximidad<\/strong> y fomentar la colaboraci\u00f3n entre empresas del territorio valenciano, con el fin de fortalecer el tejido econ\u00f3mico y social de la Comunitat.<\/p>\n\n\n\n<p>Las empresas interesadas en participar pueden inscribirse a trav\u00e9s del portal <a href=\"https:\/\/encuentroclientesproveedorescv.com\">encuentroclientesproveedorescv.com<\/a> <strong>hasta el 18 de octubre<\/strong>. Tras formalizar su inscripci\u00f3n, las compa\u00f1\u00edas recibir\u00e1n un listado de participantes para seleccionar las reuniones que deseen mantener. Posteriormente, deber\u00e1n aceptar las solicitudes recibidas y finalmente obtendr\u00e1n una <strong>agenda personalizada de encuentros<\/strong>.<\/p>\n\n\n\n<p>La jornada se desarrollar\u00e1 mediante reuniones previamente organizadas entre potenciales clientes y proveedores de la Comunitat Valenciana. La participaci\u00f3n es <strong>gratuita<\/strong> y est\u00e1 abierta a cualquier empresa interesada, con el objetivo de crear nuevas sinergias empresariales, reducir costes log\u00edsticos y favorecer el empleo y la riqueza en cada comarca.<\/p>\n\n\n\n<p>La iniciativa est\u00e1 promovida por las asociaciones <strong>ASECAM, ASEMVEGA, CEDELCO, CEDMA, C\u00edrculo de Empresarios del Medio Vinalop\u00f3, COEVAL, FEDAC, FECAP, IBIAE<\/strong> y <strong>FAES<\/strong>, que han unido esfuerzos para consolidar este evento como <strong>referente auton\u00f3mico en la conexi\u00f3n del tejido productivo valenciano<\/strong>.<\/p>\n\n\n\n<p>El proyecto tiene su origen en una experiencia comarcal desarrollada en las zonas de <strong>la Vall d\u2019Albaida, l\u2019Alcoi\u00e0-Comtat y la Foia de Castalla<\/strong>, cuya positiva trayectoria ha servido de base para su expansi\u00f3n a nivel auton\u00f3mico.<\/p>\n\n\n\n<p>En la edici\u00f3n celebrada el pasado a\u00f1o en Ibi, la mayor\u00eda de las empresas participantes valoraron muy positivamente la experiencia, destacando que hab\u00edan mantenido reuniones con contactos de gran potencial para generar <strong>nuevas oportunidades de negocio<\/strong> y recomendando su participaci\u00f3n a otras entidades en futuras convocatorias.<\/p>\n","protected":false},"excerpt":{"rendered":"<p>El pr\u00f3ximo mi\u00e9rcoles 12 de noviembre, el Museo Industrial y de la Memoria Obrera de Sagunto ser\u00e1 el escenario del Encuentro Clientes-Proveedores de la Comunidad Valenciana, una iniciativa impulsada por asociaciones empresariales comarcales intersectoriales de las tres provincias, entre ellas FAES, que repite participaci\u00f3n tras el \u00e9xito de a\u00f1os anteriores. El encuentro tiene como objetivo&#8230;<\/p>\n","protected":false},"author":1,"featured_media":7207,"comment_status":"open","ping_status":"open","sticky":false,"template":"","format":"standard","meta":{"footnotes":""},"categories":[1,6],"tags":[],"class_list":["post-7206","post","type-post","status-publish","format-standard","has-post-thumbnail","hentry","category-actualidad","category-economia"],"_links":{"self":[{"href":"https:\/\/infogandia.es\/index.php\/wp-json\/wp\/v2\/posts\/7206","targetHints":{"allow":["GET"]}}],"collection":[{"href":"https:\/\/infogandia.es\/index.php\/wp-json\/wp\/v2\/posts"}],"about":[{"href":"https:\/\/infogandia.es\/index.php\/wp-json\/wp\/v2\/types\/post"}],"author":[{"embeddable":true,"href":"https:\/\/infogandia.es\/index.php\/wp-json\/wp\/v2\/users\/1"}],"replies":[{"embeddable":true,"href":"https:\/\/infogandia.es\/index.php\/wp-json\/wp\/v2\/comments?post=7206"}],"version-history":[{"count":1,"href":"https:\/\/infogandia.es\/index.php\/wp-json\/wp\/v2\/posts\/7206\/revisions"}],"predecessor-version":[{"id":7208,"href":"https:\/\/infogandia.es\/index.php\/wp-json\/wp\/v2\/posts\/7206\/revisions\/7208"}],"wp:featuredmedia":[{"embeddable":true,"href":"https:\/\/infogandia.es\/index.php\/wp-json\/wp\/v2\/media\/7207"}],"wp:attachment":[{"href":"https:\/\/infogandia.es\/index.php\/wp-json\/wp\/v2\/media?parent=7206"}],"wp:term":[{"taxonomy":"category","embeddable":true,"href":"https:\/\/infogandia.es\/index.php\/wp-json\/wp\/v2\/categories?post=7206"},{"taxonomy":"post_tag","embeddable":true,"href":"https:\/\/infogandia.es\/index.php\/wp-json\/wp\/v2\/tags?post=7206"}],"curies":[{"name":"wp","href":"https:\/\/api.w.org\/{rel}","templated":true}]}}