{"id":7209,"date":"2025-10-14T08:09:03","date_gmt":"2025-10-14T08:09:03","guid":{"rendered":"https:\/\/infogandia.es\/?p=7209"},"modified":"2025-10-14T08:09:04","modified_gmt":"2025-10-14T08:09:04","slug":"gandia-registra-en-un-solo-dia-el-18-de-la-lluvia-de-todo-un-ano","status":"publish","type":"post","link":"https:\/\/infogandia.es\/index.php\/2025\/10\/14\/gandia-registra-en-un-solo-dia-el-18-de-la-lluvia-de-todo-un-ano\/","title":{"rendered":"Gandia registra en un solo d\u00eda el 18% de la lluvia de todo un a\u00f1o"},"content":{"rendered":"\n<p><strong>La Generalitat decreta el Nivel 1 de emergencias por lluvias y mantiene la alerta roja hasta la medianoche. El Ayuntamiento suspende las clases y cierra instalaciones p\u00fablicas como medida de precauci\u00f3n.<\/strong><\/p>\n\n\n\n<p>Gandia ha vivido este lunes una jornada de lluvias extraordinarias, acumulando <strong>1.262 litros por metro cuadrado<\/strong>, lo que equivale al <strong>18% de la precipitaci\u00f3n media anual<\/strong>. Seg\u00fan los datos del Centro de Coordinaci\u00f3n de Emergencias de la Generalitat Valenciana, <strong>en los primeros trece d\u00edas de octubre ya se han registrado 3.602 litros por metro cuadrado<\/strong>, pr\u00e1cticamente la mitad de la media anual.<\/p>\n\n\n\n<p>Ante la intensidad de las precipitaciones, la Generalitat ha declarado el <strong>Nivel 1 de emergencias por lluvias<\/strong>, mientras que el <strong>Centro de Coordinaci\u00f3n de Emergencias (GVA 112)<\/strong> mantiene la <strong>alerta roja en todo el litoral de la provincia de Valencia hasta las 00.00 horas de esta noche<\/strong>.<\/p>\n\n\n\n<p>Durante la tarde se ha reunido el <strong>Centro de Coordinaci\u00f3n Operativa Municipal (CECOPAL)<\/strong> en el Ayuntamiento de Gandia, con la participaci\u00f3n de responsables pol\u00edticos, t\u00e9cnicos municipales, Polic\u00eda Local, Protecci\u00f3n Civil y Cruz Roja. Tras la valoraci\u00f3n de la situaci\u00f3n, se han adoptado varias medidas preventivas:<\/p>\n\n\n\n<ul class=\"wp-block-list\">\n<li><strong>Suspensi\u00f3n de las clases<\/strong> en todos los centros educativos, incluidas las escuelas infantiles municipales, para el martes 14 de octubre.<\/li>\n\n\n\n<li><strong>Cierre de instalaciones deportivas, parques y jardines, bibliotecas infantiles, centros de convivencia y el cementerio municipal.<\/strong><\/li>\n<\/ul>\n\n\n\n<p>El <strong>alcalde de Gandia, Jos\u00e9 Manuel Prieto<\/strong>, compareci\u00f3 junto a las concejalas de Seguridad, Protecci\u00f3n y Convivencia, <strong>Lydia Morant<\/strong>; de Educaci\u00f3n, <strong>Esther Sapena<\/strong>; y el comisario de la Polic\u00eda Local, <strong>Jos\u00e9 Mart\u00ednez Espasa<\/strong>, para informar sobre la evoluci\u00f3n del episodio.<\/p>\n\n\n\n<p>Prieto explic\u00f3 que la ciudad ha experimentado \u201c<strong>un fen\u00f3meno meteorol\u00f3gico extraordinario, con lluvias muy intensas y concentradas en pocas horas<\/strong>\u201d, que han provocado acumulaciones de agua en distintos puntos del municipio. Asimismo, record\u00f3 que el <strong>nivel rojo de emergencia se declar\u00f3 a las 12:37 horas<\/strong>, momento en que el Ayuntamiento decidi\u00f3 suspender las clases y actividades para \u201c<strong>garantizar la seguridad de la poblaci\u00f3n, especialmente de los ni\u00f1os<\/strong>\u201d.<\/p>\n\n\n\n<p>El alcalde destac\u00f3 que el <strong>Plan de Emergencias Municipal<\/strong>, activado desde el pasado mi\u00e9rcoles, permiti\u00f3 desplegar con eficacia los recursos de seguridad, mantenimiento y servicios municipales, lo que ha evitado da\u00f1os mayores. A\u00f1adi\u00f3 que los vecinos podr\u00e1n tramitar los <strong>partes por da\u00f1os materiales<\/strong>, y que la ciudad avanza \u201cde forma progresiva hacia la normalidad\u201d, aunque todav\u00eda existen caminos y bajos anegados.<\/p>\n\n\n\n<p>Prieto agradeci\u00f3 el <strong>comportamiento ejemplar de la ciudadan\u00eda<\/strong>, as\u00ed como el trabajo de los <strong>cuerpos de seguridad, brigadas municipales y personal educativo<\/strong>, que actuaron \u201ccon serenidad y eficacia\u201d. Tambi\u00e9n inform\u00f3 de su <strong>coordinaci\u00f3n permanente con la Delegaci\u00f3n del Gobierno, la Generalitat y la ministra de Ciencia, Innovaci\u00f3n y Universidades<\/strong>.<\/p>\n\n\n\n<p>Ma\u00f1ana, martes 14 de octubre, ser\u00e1 una <strong>jornada de evaluaci\u00f3n<\/strong>, en la que se revisar\u00e1n los viales, centros educativos y entornos escolares, mientras se mantenga activa la <strong>fase 1 de emergencia por inundaciones en la comarca de la Safor<\/strong>.<\/p>\n\n\n\n<p>Finalmente, el alcalde asegur\u00f3 que <strong>Gandia recuperar\u00e1 la normalidad de manera progresiva<\/strong>, reiterando el compromiso del Ayuntamiento de <strong>no escatimar recursos ni esfuerzos para prevenir y responder ante futuras emergencias<\/strong>.<\/p>\n","protected":false},"excerpt":{"rendered":"<p>La Generalitat decreta el Nivel 1 de emergencias por lluvias y mantiene la alerta roja hasta la medianoche. El Ayuntamiento suspende las clases y cierra instalaciones p\u00fablicas como medida de precauci\u00f3n. Gandia ha vivido este lunes una jornada de lluvias extraordinarias, acumulando 1.262 litros por metro cuadrado, lo que equivale al 18% de la precipitaci\u00f3n&#8230;<\/p>\n","protected":false},"author":1,"featured_media":7210,"comment_status":"open","ping_status":"open","sticky":false,"template":"","format":"standard","meta":{"footnotes":""},"categories":[1],"tags":[],"class_list":["post-7209","post","type-post","status-publish","format-standard","has-post-thumbnail","hentry","category-actualidad"],"_links":{"self":[{"href":"https:\/\/infogandia.es\/index.php\/wp-json\/wp\/v2\/posts\/7209","targetHints":{"allow":["GET"]}}],"collection":[{"href":"https:\/\/infogandia.es\/index.php\/wp-json\/wp\/v2\/posts"}],"about":[{"href":"https:\/\/infogandia.es\/index.php\/wp-json\/wp\/v2\/types\/post"}],"author":[{"embeddable":true,"href":"https:\/\/infogandia.es\/index.php\/wp-json\/wp\/v2\/users\/1"}],"replies":[{"embeddable":true,"href":"https:\/\/infogandia.es\/index.php\/wp-json\/wp\/v2\/comments?post=7209"}],"version-history":[{"count":1,"href":"https:\/\/infogandia.es\/index.php\/wp-json\/wp\/v2\/posts\/7209\/revisions"}],"predecessor-version":[{"id":7211,"href":"https:\/\/infogandia.es\/index.php\/wp-json\/wp\/v2\/posts\/7209\/revisions\/7211"}],"wp:featuredmedia":[{"embeddable":true,"href":"https:\/\/infogandia.es\/index.php\/wp-json\/wp\/v2\/media\/7210"}],"wp:attachment":[{"href":"https:\/\/infogandia.es\/index.php\/wp-json\/wp\/v2\/media?parent=7209"}],"wp:term":[{"taxonomy":"category","embeddable":true,"href":"https:\/\/infogandia.es\/index.php\/wp-json\/wp\/v2\/categories?post=7209"},{"taxonomy":"post_tag","embeddable":true,"href":"https:\/\/infogandia.es\/index.php\/wp-json\/wp\/v2\/tags?post=7209"}],"curies":[{"name":"wp","href":"https:\/\/api.w.org\/{rel}","templated":true}]}}