{"id":7212,"date":"2025-10-14T16:03:39","date_gmt":"2025-10-14T16:03:39","guid":{"rendered":"https:\/\/infogandia.es\/?p=7212"},"modified":"2025-10-14T16:03:40","modified_gmt":"2025-10-14T16:03:40","slug":"el-pp-de-gandia-propone-un-paquete-urgente-de-ayudas-para-los-afectados-por-la-dana-alice","status":"publish","type":"post","link":"https:\/\/infogandia.es\/index.php\/2025\/10\/14\/el-pp-de-gandia-propone-un-paquete-urgente-de-ayudas-para-los-afectados-por-la-dana-alice\/","title":{"rendered":"El PP de Gandia propone un paquete urgente de ayudas para los afectados por la DANA Alice"},"content":{"rendered":"\n<p><strong>V\u00edctor Soler reclama una respuesta inmediata del gobierno local ante los da\u00f1os ocasionados por el temporal y ofrece colaboraci\u00f3n para la recuperaci\u00f3n de la ciudad.<\/strong><\/p>\n\n\n\n<p>El portavoz del <strong>Grupo Municipal Popular de Gandia<\/strong>, <strong>V\u00edctor Soler<\/strong>, ha anunciado la propuesta de un <strong>paquete de ayudas urgentes<\/strong> destinadas a los vecinos y empresarios afectados por la <strong>DANA Alice<\/strong>, el temporal que ha causado importantes da\u00f1os materiales en distintos puntos de la ciudad y de la comarca de <strong>La Safor<\/strong>.<\/p>\n\n\n\n<p>Soler, acompa\u00f1ado por los concejales populares <strong>Vicent Gregori<\/strong> y <strong>Guillermo Barber<\/strong>, ha recorrido las zonas m\u00e1s afectadas para conocer de primera mano la situaci\u00f3n y escuchar las demandas de los damnificados. \u201c<strong>Nuestro despacho est\u00e1 en la calle, especialmente cuando m\u00e1s se nos necesita, y estos d\u00edas lo hemos vuelto a demostrar<\/strong>\u201d, afirm\u00f3 el portavoz durante su visita.<\/p>\n\n\n\n<p>El dirigente popular lament\u00f3 los <strong>graves perjuicios sufridos por los vecinos y negocios locales<\/strong>, pero subray\u00f3 la necesidad de ofrecer <strong>respuestas concretas y una gesti\u00f3n eficaz<\/strong>: \u201cAhora no basta con lamentarse; hace falta gesti\u00f3n y soluciones inmediatas\u201d.<\/p>\n\n\n\n<p>En este sentido, Soler propuso al gobierno municipal la <strong>creaci\u00f3n de un programa de ayudas espec\u00edficas<\/strong> que permita paliar las p\u00e9rdidas econ\u00f3micas de los hogares y establecimientos m\u00e1s afectados, facilitando as\u00ed una <strong>recuperaci\u00f3n r\u00e1pida y efectiva<\/strong>.<\/p>\n\n\n\n<p>Asimismo, el portavoz del PP se\u00f1al\u00f3 la necesidad de <strong>reforzar la coordinaci\u00f3n institucional y la capacidad de reacci\u00f3n<\/strong> ante situaciones de emergencia. En sus declaraciones, critic\u00f3 la \u201c<strong>falta de liderazgo<\/strong>\u201d del ejecutivo local durante el temporal, afirmando que \u201c<strong>no basta con reconocer que ha llovido mucho; ahora es el momento de actuar y gestionar<\/strong>\u201d.<\/p>\n\n\n\n<p>Pese a las cr\u00edticas, Soler hizo un llamamiento a la <strong>unidad pol\u00edtica y a la cooperaci\u00f3n entre formaciones<\/strong> para priorizar la atenci\u00f3n a los damnificados y avanzar en la prevenci\u00f3n de futuros episodios meteorol\u00f3gicos extremos. \u201c<strong>Este no es momento de reproches, sino de actuar unidos para que Gandia se recupere cuanto antes<\/strong>\u201d, concluy\u00f3.<\/p>\n","protected":false},"excerpt":{"rendered":"<p>V\u00edctor Soler reclama una respuesta inmediata del gobierno local ante los da\u00f1os ocasionados por el temporal y ofrece colaboraci\u00f3n para la recuperaci\u00f3n de la ciudad. El portavoz del Grupo Municipal Popular de Gandia, V\u00edctor Soler, ha anunciado la propuesta de un paquete de ayudas urgentes destinadas a los vecinos y empresarios afectados por la DANA&#8230;<\/p>\n","protected":false},"author":1,"featured_media":7213,"comment_status":"open","ping_status":"open","sticky":false,"template":"","format":"standard","meta":{"footnotes":""},"categories":[1,6,27],"tags":[],"class_list":["post-7212","post","type-post","status-publish","format-standard","has-post-thumbnail","hentry","category-actualidad","category-economia","category-sociedad"],"_links":{"self":[{"href":"https:\/\/infogandia.es\/index.php\/wp-json\/wp\/v2\/posts\/7212","targetHints":{"allow":["GET"]}}],"collection":[{"href":"https:\/\/infogandia.es\/index.php\/wp-json\/wp\/v2\/posts"}],"about":[{"href":"https:\/\/infogandia.es\/index.php\/wp-json\/wp\/v2\/types\/post"}],"author":[{"embeddable":true,"href":"https:\/\/infogandia.es\/index.php\/wp-json\/wp\/v2\/users\/1"}],"replies":[{"embeddable":true,"href":"https:\/\/infogandia.es\/index.php\/wp-json\/wp\/v2\/comments?post=7212"}],"version-history":[{"count":1,"href":"https:\/\/infogandia.es\/index.php\/wp-json\/wp\/v2\/posts\/7212\/revisions"}],"predecessor-version":[{"id":7215,"href":"https:\/\/infogandia.es\/index.php\/wp-json\/wp\/v2\/posts\/7212\/revisions\/7215"}],"wp:featuredmedia":[{"embeddable":true,"href":"https:\/\/infogandia.es\/index.php\/wp-json\/wp\/v2\/media\/7213"}],"wp:attachment":[{"href":"https:\/\/infogandia.es\/index.php\/wp-json\/wp\/v2\/media?parent=7212"}],"wp:term":[{"taxonomy":"category","embeddable":true,"href":"https:\/\/infogandia.es\/index.php\/wp-json\/wp\/v2\/categories?post=7212"},{"taxonomy":"post_tag","embeddable":true,"href":"https:\/\/infogandia.es\/index.php\/wp-json\/wp\/v2\/tags?post=7212"}],"curies":[{"name":"wp","href":"https:\/\/api.w.org\/{rel}","templated":true}]}}