{"id":7216,"date":"2025-10-14T16:04:06","date_gmt":"2025-10-14T16:04:06","guid":{"rendered":"https:\/\/infogandia.es\/?p=7216"},"modified":"2025-10-14T16:04:06","modified_gmt":"2025-10-14T16:04:06","slug":"el-partido-popular-de-gandia-critica-la-gestion-del-gobierno-local-durante-la-dana-alice","status":"publish","type":"post","link":"https:\/\/infogandia.es\/index.php\/2025\/10\/14\/el-partido-popular-de-gandia-critica-la-gestion-del-gobierno-local-durante-la-dana-alice\/","title":{"rendered":"El Partido Popular de Gandia critica la gesti\u00f3n del gobierno local durante la DANA Alice"},"content":{"rendered":"\n<p><strong>Los populares acusan al alcalde Jos\u00e9 Manuel Prieto de falta de previsi\u00f3n y de ofrecer una visi\u00f3n \u201ctriunfalista\u201d ante los efectos del temporal.<\/strong><\/p>\n\n\n\n<p>El <strong>Grupo Municipal del Partido Popular de Gandia<\/strong> ha criticado la actuaci\u00f3n del <strong>gobierno socialista encabezado por Jos\u00e9 Manuel Prieto<\/strong> durante el paso de la <strong>DANA Alice<\/strong>, que provoc\u00f3 inundaciones y numerosos da\u00f1os materiales en distintos puntos de la ciudad.<\/p>\n\n\n\n<p>Tras la reuni\u00f3n de los grupos municipales celebrada hoy, los populares han denunciado lo que califican como una <strong>\u201cnefasta gesti\u00f3n\u201d y una \u201cfalta de previsi\u00f3n\u201d<\/strong> por parte del ejecutivo local. Seg\u00fan el PP, el temporal dej\u00f3 de nuevo \u201cuna ciudad colapsada, con calles anegadas, viviendas y comercios afectados, y centros escolares con filtraciones y pasillos inundados\u201d.<\/p>\n\n\n\n<p>Durante el encuentro, el <strong>portavoz adjunto del Grupo Municipal Popular<\/strong>, <strong>David Ronda<\/strong>, afirm\u00f3 que la gesti\u00f3n del alcalde \u201c<strong>ha vuelto a poner de manifiesto la improvisaci\u00f3n y la falta de planificaci\u00f3n<\/strong>\u201d ante episodios meteorol\u00f3gicos de gran intensidad. Ronda se\u00f1al\u00f3 que \u201c<strong>los planes de emergencia no est\u00e1n siendo eficientes<\/strong>\u201d y reclam\u00f3 \u201c<strong>una mayor coordinaci\u00f3n entre departamentos municipales<\/strong>\u201d.<\/p>\n\n\n\n<p>El PP tambi\u00e9n ha criticado la decisi\u00f3n del gobierno local de <strong>no suspender las clases el lunes<\/strong> pese a las previsiones meteorol\u00f3gicas adversas. Seg\u00fan Ronda, \u201c<strong>decenas de municipios de la provincia suspendieron la actividad escolar ante la alerta naranja, mientras en Gandia no se adopt\u00f3 ninguna medida preventiva<\/strong>\u201d.<\/p>\n\n\n\n<p>Los populares consideran que el alcalde Prieto \u201c<strong>ha ofrecido una imagen triunfalista y alejada de la realidad<\/strong>\u201d durante la reuni\u00f3n de hoy, en la que, aseguran, \u201c<strong>no se presentaron datos oficiales ni se asumieron responsabilidades<\/strong>\u201d. Ronda a\u00f1adi\u00f3 que \u201c<strong>la ciudad necesita un alcalde que d\u00e9 la cara, asuma responsabilidades y ejerza un liderazgo real<\/strong>\u201d.<\/p>\n\n\n\n<p>El Grupo Municipal Popular ha solicitado <strong>explicaciones y medidas concretas<\/strong> para reforzar los protocolos de emergencia, mejorar la coordinaci\u00f3n y garantizar la seguridad de la ciudadan\u00eda ante futuros temporales. \u201c<strong>No se trata de propaganda, sino de gesti\u00f3n y planificaci\u00f3n eficaz<\/strong>\u201d, concluy\u00f3 Ronda.<\/p>\n","protected":false},"excerpt":{"rendered":"<p>Los populares acusan al alcalde Jos\u00e9 Manuel Prieto de falta de previsi\u00f3n y de ofrecer una visi\u00f3n \u201ctriunfalista\u201d ante los efectos del temporal. El Grupo Municipal del Partido Popular de Gandia ha criticado la actuaci\u00f3n del gobierno socialista encabezado por Jos\u00e9 Manuel Prieto durante el paso de la DANA Alice, que provoc\u00f3 inundaciones y numerosos&#8230;<\/p>\n","protected":false},"author":1,"featured_media":7214,"comment_status":"open","ping_status":"open","sticky":false,"template":"","format":"standard","meta":{"footnotes":""},"categories":[1,3],"tags":[],"class_list":["post-7216","post","type-post","status-publish","format-standard","has-post-thumbnail","hentry","category-actualidad","category-politica"],"_links":{"self":[{"href":"https:\/\/infogandia.es\/index.php\/wp-json\/wp\/v2\/posts\/7216","targetHints":{"allow":["GET"]}}],"collection":[{"href":"https:\/\/infogandia.es\/index.php\/wp-json\/wp\/v2\/posts"}],"about":[{"href":"https:\/\/infogandia.es\/index.php\/wp-json\/wp\/v2\/types\/post"}],"author":[{"embeddable":true,"href":"https:\/\/infogandia.es\/index.php\/wp-json\/wp\/v2\/users\/1"}],"replies":[{"embeddable":true,"href":"https:\/\/infogandia.es\/index.php\/wp-json\/wp\/v2\/comments?post=7216"}],"version-history":[{"count":1,"href":"https:\/\/infogandia.es\/index.php\/wp-json\/wp\/v2\/posts\/7216\/revisions"}],"predecessor-version":[{"id":7217,"href":"https:\/\/infogandia.es\/index.php\/wp-json\/wp\/v2\/posts\/7216\/revisions\/7217"}],"wp:featuredmedia":[{"embeddable":true,"href":"https:\/\/infogandia.es\/index.php\/wp-json\/wp\/v2\/media\/7214"}],"wp:attachment":[{"href":"https:\/\/infogandia.es\/index.php\/wp-json\/wp\/v2\/media?parent=7216"}],"wp:term":[{"taxonomy":"category","embeddable":true,"href":"https:\/\/infogandia.es\/index.php\/wp-json\/wp\/v2\/categories?post=7216"},{"taxonomy":"post_tag","embeddable":true,"href":"https:\/\/infogandia.es\/index.php\/wp-json\/wp\/v2\/tags?post=7216"}],"curies":[{"name":"wp","href":"https:\/\/api.w.org\/{rel}","templated":true}]}}