{"id":7218,"date":"2025-10-14T16:05:55","date_gmt":"2025-10-14T16:05:55","guid":{"rendered":"https:\/\/infogandia.es\/?p=7218"},"modified":"2025-10-14T16:05:55","modified_gmt":"2025-10-14T16:05:55","slug":"los-centros-educativos-de-gandia-reabriran-manana-tras-ser-revisados-por-tecnicos-municipales-para-garantizar-la-maxima-seguridad","status":"publish","type":"post","link":"https:\/\/infogandia.es\/index.php\/2025\/10\/14\/los-centros-educativos-de-gandia-reabriran-manana-tras-ser-revisados-por-tecnicos-municipales-para-garantizar-la-maxima-seguridad\/","title":{"rendered":"Los centros educativos de Gandia reabrir\u00e1n ma\u00f1ana tras ser revisados por t\u00e9cnicos municipales para garantizar la m\u00e1xima seguridad"},"content":{"rendered":"\n<p><strong>Las instalaciones deportivas, parques, bibliotecas, centros sociales y el cementerio municipal retoman su actividad esta tarde a partir de las 15:00 h. M\u00e1s de 200 operarios trabajan para restablecer la normalidad tras el paso de la DANA Alice.<\/strong><\/p>\n\n\n\n<p>La ciudad de <strong>Gandia avanza hacia la normalidad<\/strong> tras el episodio de lluvias extraordinarias provocado por la <strong>DANA Alice<\/strong>. Los <strong>centros educativos reabrir\u00e1n ma\u00f1ana, mi\u00e9rcoles 15 de octubre<\/strong>, una vez revisados por t\u00e9cnicos municipales que han certificado su seguridad.<\/p>\n\n\n\n<p>Asimismo, a partir de las <strong>15:00 h de hoy<\/strong> se reanudan las actividades en las <strong>instalaciones deportivas, parques y jardines, bibliotecas de barrio e infantiles, centros sociales y el cementerio municipal<\/strong>.<\/p>\n\n\n\n<p>Estas medidas se han adoptado durante la reuni\u00f3n del <strong>Centro de Coordinaci\u00f3n Operativa Municipal (CECOPAL)<\/strong>, presidida por el <strong>alcalde de Gandia, Jos\u00e9 Manuel Prieto<\/strong>, con la participaci\u00f3n de responsables pol\u00edticos, t\u00e9cnicos municipales, Polic\u00eda Local, Cruz Roja y Protecci\u00f3n Civil. La decisi\u00f3n se ha tomado tras la <strong>rebaja del nivel de alerta por lluvias a verde<\/strong> por parte del <strong>Centro de Coordinaci\u00f3n de Emergencias 112 de la Generalitat Valenciana<\/strong>.<\/p>\n\n\n\n<p>El alcalde ha subrayado que la <strong>seguridad ciudadana ha sido la prioridad<\/strong> en todo momento:<\/p>\n\n\n\n<blockquote class=\"wp-block-quote is-layout-flow wp-block-quote-is-layout-flow\">\n<p>\u201cAyer centramos todos los esfuerzos en garantizar una desescalada ordenada de la jornada lectiva, con plena seguridad para todos los ciudadanos, especialmente los ni\u00f1os y ni\u00f1as. La seguridad es siempre la primera premisa de este gobierno y de este alcalde\u201d, se\u00f1al\u00f3 Prieto.<\/p>\n<\/blockquote>\n\n\n\n<p>El primer edil explic\u00f3 que el temporal tuvo un car\u00e1cter <strong>extraordinario e imprevisible<\/strong>, con acumulaciones de agua que superaron cualquier modelo de previsi\u00f3n:<\/p>\n\n\n\n<blockquote class=\"wp-block-quote is-layout-flow wp-block-quote-is-layout-flow\">\n<p>\u201cEn apenas dos horas cay\u00f3 el equivalente al 18% de la lluvia que se registra en un a\u00f1o. Fue un episodio imprevisto, pero supimos reaccionar r\u00e1pidamente, desplegando todos los medios municipales y reforzando la presencia policial en los colegios para garantizar la seguridad sin generar desplazamientos innecesarios.\u201d<\/p>\n<\/blockquote>\n\n\n\n<p>Prieto record\u00f3 que el <strong>comit\u00e9 de emergencias municipal se activ\u00f3 el pasado mi\u00e9rcoles<\/strong>, lo que permiti\u00f3 una <strong>respuesta r\u00e1pida y coordinada<\/strong>. Adem\u00e1s, ha destacado el trabajo de los equipos municipales:<\/p>\n\n\n\n<blockquote class=\"wp-block-quote is-layout-flow wp-block-quote-is-layout-flow\">\n<p>\u201cHoy hemos movilizado m\u00e1s de 200 trabajadores de brigadas y contratas municipales para revisar calles, infraestructuras y centros escolares. Ning\u00fan colegio reabrir\u00e1 ma\u00f1ana sin un informe t\u00e9cnico que garantice su plena seguridad.\u201d<\/p>\n<\/blockquote>\n\n\n\n<p>El alcalde quiso tambi\u00e9n <strong>agradecer el comportamiento ejemplar de la ciudadan\u00eda<\/strong> y la <strong>labor de los equipos de emergencia, Polic\u00eda Local, Protecci\u00f3n Civil, Bomberos y personal docente<\/strong>:<\/p>\n\n\n\n<blockquote class=\"wp-block-quote is-layout-flow wp-block-quote-is-layout-flow\">\n<p>\u201cEl material se puede reparar; lo importante es que no ha habido da\u00f1os personales.\u201d<\/p>\n<\/blockquote>\n\n\n\n<p>El <strong>Ayuntamiento de Gandia<\/strong> ha habilitado un procedimiento para que los vecinos puedan <strong>comunicar los da\u00f1os sufridos en bienes privados<\/strong> y tramitar los <strong>informes necesarios para las aseguradoras<\/strong>, disponibles en la web municipal:<br>\ud83d\udc49 <a href=\"https:\/\/inforatge.com\/meteo-gandia\/informes\">https:\/\/inforatge.com\/meteo-gandia\/informes<\/a><\/p>\n","protected":false},"excerpt":{"rendered":"<p>Las instalaciones deportivas, parques, bibliotecas, centros sociales y el cementerio municipal retoman su actividad esta tarde a partir de las 15:00 h. M\u00e1s de 200 operarios trabajan para restablecer la normalidad tras el paso de la DANA Alice. La ciudad de Gandia avanza hacia la normalidad tras el episodio de lluvias extraordinarias provocado por la&#8230;<\/p>\n","protected":false},"author":1,"featured_media":7219,"comment_status":"open","ping_status":"open","sticky":false,"template":"","format":"standard","meta":{"footnotes":""},"categories":[1,5],"tags":[],"class_list":["post-7218","post","type-post","status-publish","format-standard","has-post-thumbnail","hentry","category-actualidad","category-educacion"],"_links":{"self":[{"href":"https:\/\/infogandia.es\/index.php\/wp-json\/wp\/v2\/posts\/7218","targetHints":{"allow":["GET"]}}],"collection":[{"href":"https:\/\/infogandia.es\/index.php\/wp-json\/wp\/v2\/posts"}],"about":[{"href":"https:\/\/infogandia.es\/index.php\/wp-json\/wp\/v2\/types\/post"}],"author":[{"embeddable":true,"href":"https:\/\/infogandia.es\/index.php\/wp-json\/wp\/v2\/users\/1"}],"replies":[{"embeddable":true,"href":"https:\/\/infogandia.es\/index.php\/wp-json\/wp\/v2\/comments?post=7218"}],"version-history":[{"count":1,"href":"https:\/\/infogandia.es\/index.php\/wp-json\/wp\/v2\/posts\/7218\/revisions"}],"predecessor-version":[{"id":7220,"href":"https:\/\/infogandia.es\/index.php\/wp-json\/wp\/v2\/posts\/7218\/revisions\/7220"}],"wp:featuredmedia":[{"embeddable":true,"href":"https:\/\/infogandia.es\/index.php\/wp-json\/wp\/v2\/media\/7219"}],"wp:attachment":[{"href":"https:\/\/infogandia.es\/index.php\/wp-json\/wp\/v2\/media?parent=7218"}],"wp:term":[{"taxonomy":"category","embeddable":true,"href":"https:\/\/infogandia.es\/index.php\/wp-json\/wp\/v2\/categories?post=7218"},{"taxonomy":"post_tag","embeddable":true,"href":"https:\/\/infogandia.es\/index.php\/wp-json\/wp\/v2\/tags?post=7218"}],"curies":[{"name":"wp","href":"https:\/\/api.w.org\/{rel}","templated":true}]}}