{"id":7221,"date":"2025-10-14T16:20:20","date_gmt":"2025-10-14T16:20:20","guid":{"rendered":"https:\/\/infogandia.es\/?p=7221"},"modified":"2025-10-14T16:21:36","modified_gmt":"2025-10-14T16:21:36","slug":"7221","status":"publish","type":"post","link":"https:\/\/infogandia.es\/index.php\/2025\/10\/14\/7221\/","title":{"rendered":"La Diputaci\u00f3n de Valencia reclama en Bruselas gestionar directamente los fondos europeos para los municipios afectados por la DANA"},"content":{"rendered":"\n<p>La Diputaci\u00f3n de Valencia ha defendido en Bruselas la necesidad de que las diputaciones provinciales puedan gestionar directamente los fondos europeos destinados a los municipios afectados por la DANA. Las vicepresidentas Nat\u00e0lia Enguix y Reme Mazzolari participaron en la Semana Europea de las Regiones y Ciudades 2025 junto al diputado de Fondos Europeos y alcalde de Alfafar, Juan Ram\u00f3n Adsuara, y el alcalde de Ontinyent, Jorge Rodr\u00edguez.<\/p>\n\n\n\n<p>Durante su intervenci\u00f3n, Enguix y Mazzolari insistieron en la propuesta de que las diputaciones, como gobiernos intermedios, sean receptoras directas de los Fondos de Cohesi\u00f3n de la Uni\u00f3n Europea, sin necesidad de intermediaci\u00f3n del Gobierno estatal. La reivindicaci\u00f3n ya fue trasladada previamente a la presidenta del Comit\u00e9 de las Regiones, Kata Tutto.<\/p>\n\n\n\n<p>Las representantes provinciales recordaron el papel activo de la Diputaci\u00f3n de Valencia en la respuesta a la cat\u00e1strofe, desde la atenci\u00f3n inmediata a los municipios hasta la actual fase de reconstrucci\u00f3n. Enguix subray\u00f3 que la instituci\u00f3n \u201cha acompa\u00f1ado en todo momento a los ayuntamientos y a las v\u00edctimas\u201d, y destac\u00f3 la importancia de \u201cagilizar la tramitaci\u00f3n de las ayudas para invertir los recursos europeos donde m\u00e1s se necesitan\u201d.<\/p>\n\n\n\n<h3 class=\"wp-block-heading\">Resiliencia local frente a las cat\u00e1strofes<\/h3>\n\n\n\n<p>En Bruselas, los responsables valencianos participaron en la ponencia <em>\u201cResiliencia local y gobiernos intermedios frente a las cat\u00e1strofes\u201d<\/em>, donde se presentaron los casos de Alfafar y Ontinyent como ejemplos de gesti\u00f3n ante situaciones extremas.<\/p>\n\n\n\n<p>El alcalde de Ontinyent, Jorge Rodr\u00edguez, explic\u00f3 la transformaci\u00f3n del antiguo barrio de la Cantereria en el parque inundable de Les Mam\u00e0s Belgues, \u201cuna actuaci\u00f3n que elimina el riesgo para las personas y convierte una zona vulnerable en un espacio de disfrute ciudadano\u201d. \u201cLas desgracias pueden suceder, pero la clave est\u00e1 en convertir las crisis en oportunidades\u201d, apunt\u00f3 Rodr\u00edguez.<\/p>\n\n\n\n<h3 class=\"wp-block-heading\">El cambio clim\u00e1tico, un desaf\u00edo real<\/h3>\n\n\n\n<p>La vicepresidenta segunda de la Diputaci\u00f3n y responsable de Infraestructuras, Reme Mazzolari, advirti\u00f3 que las danas \u201cya no son fen\u00f3menos excepcionales, sino una consecuencia directa del cambio clim\u00e1tico\u201d. Destac\u00f3 adem\u00e1s la importancia de la colaboraci\u00f3n p\u00fablico-privada y de la inversi\u00f3n en resiliencia.<\/p>\n\n\n\n<p>Por su parte, Nat\u00e0lia Enguix record\u00f3 la reubicaci\u00f3n de 45 familias en Ontinyent para evitar riesgos y abog\u00f3 por mantener viva la atenci\u00f3n a las v\u00edctimas de la DANA de 2024. \u201cLas administraciones no deben olvidarse de los afectados. Es necesaria justicia para las v\u00edctimas, respuestas para los familiares y recursos para quienes a\u00fan sufren las consecuencias de la riada\u201d, se\u00f1al\u00f3.<\/p>\n\n\n\n<p>Enguix tambi\u00e9n reivindic\u00f3 el papel de las diputaciones y los ayuntamientos \u201cpor su proximidad y capacidad de gesti\u00f3n frente a desastres como la DANA de Ontinyent de 2019 o la del pasado a\u00f1o, que afect\u00f3 a m\u00e1s de un centenar de municipios valencianos\u201d.<\/p>\n\n\n\n<h3 class=\"wp-block-heading\">\u201cUna Europa que mire al territorio\u201d<\/h3>\n\n\n\n<p>Mazzolari repas\u00f3 las devastadoras cifras de la DANA, que afect\u00f3 a m\u00e1s de 306.000 personas y caus\u00f3 229 v\u00edctimas mortales, adem\u00e1s de cuantiosos da\u00f1os materiales valorados entre 17.800 y 18.000 millones de euros. \u201cFue un impacto transversal, desde las infraestructuras hasta el empleo, con m\u00e1s de 275.000 trabajadores y 64.000 empresas afectadas\u201d, explic\u00f3.<\/p>\n\n\n\n<p>La vicepresidenta destac\u00f3 la r\u00e1pida reacci\u00f3n de la Diputaci\u00f3n, que moviliz\u00f3 200 millones de euros para limpieza, asistencia t\u00e9cnica, reparaci\u00f3n de carreteras y apoyo a los municipios. La instituci\u00f3n tambi\u00e9n facilit\u00f3 la coordinaci\u00f3n con administraciones superiores, lo que permiti\u00f3 rehabilitar 1.500 kil\u00f3metros de carreteras y destinar 1.000 millones de euros en ayudas al sector agr\u00edcola y empresarial.<\/p>\n\n\n\n<p>\u201cLos fondos europeos han sido esenciales para iniciar la reconstrucci\u00f3n. Pedimos que Europa reconozca el papel de los gobiernos intermedios y conf\u00ede en las administraciones locales y provinciales, que son las que est\u00e1n m\u00e1s cerca de la ciudadan\u00eda\u201d, afirm\u00f3 Mazzolari.<\/p>\n\n\n\n<figure class=\"wp-block-image size-full\"><img fetchpriority=\"high\" decoding=\"async\" width=\"1006\" height=\"547\" src=\"http:\/\/infogandia.es\/wp-content\/uploads\/2025\/10\/Imagen-de-WhatsApp-2025-10-14-a-las-18.14.39_17ef840e.jpg\" alt=\"\" class=\"wp-image-7224\" srcset=\"https:\/\/infogandia.es\/wp-content\/uploads\/2025\/10\/Imagen-de-WhatsApp-2025-10-14-a-las-18.14.39_17ef840e.jpg 1006w, https:\/\/infogandia.es\/wp-content\/uploads\/2025\/10\/Imagen-de-WhatsApp-2025-10-14-a-las-18.14.39_17ef840e-300x163.jpg 300w, https:\/\/infogandia.es\/wp-content\/uploads\/2025\/10\/Imagen-de-WhatsApp-2025-10-14-a-las-18.14.39_17ef840e-768x418.jpg 768w\" sizes=\"(max-width: 1006px) 100vw, 1006px\" \/><\/figure>\n\n\n\n<h3 class=\"wp-block-heading\">Alfafar, zona cero de la DANA<\/h3>\n\n\n\n<p>El diputado de Fondos Europeos y alcalde de Alfafar, Juan Ram\u00f3n Adsuara, relat\u00f3 la experiencia de su municipio, epicentro de la cat\u00e1strofe. Destac\u00f3 la r\u00e1pida respuesta municipal para habilitar puntos de asistencia, reforzar la atenci\u00f3n domiciliaria y realizar las primeras labores de limpieza.<\/p>\n\n\n\n<p>Adsuara lament\u00f3 los retrasos en la llegada de las ayudas y reclam\u00f3 menos burocracia: \u201cTenemos 36 millones de euros bloqueados. La burocracia no puede ser una barrera para quienes han perdido tanto\u201d. Tambi\u00e9n incidi\u00f3 en la necesidad de atender la salud mental de los afectados y de preparar a la poblaci\u00f3n ante futuras emergencias.<\/p>\n\n\n\n<h3 class=\"wp-block-heading\">Ontinyent, ejemplo de adaptaci\u00f3n<\/h3>\n\n\n\n<p>El alcalde Jorge Rodr\u00edguez expuso en Bruselas el proyecto de regeneraci\u00f3n del barrio de la Cantereria, convertido en un parque inundable gracias a una inversi\u00f3n cercana a los cinco millones de euros. \u201cFue una decisi\u00f3n dif\u00edcil, pero necesaria. Hemos demostrado que se pueden tomar medidas valientes para salvar vidas\u201d, concluy\u00f3.<\/p>\n","protected":false},"excerpt":{"rendered":"<p>La Diputaci\u00f3n de Valencia ha defendido en Bruselas la necesidad de que las diputaciones provinciales puedan gestionar directamente los fondos europeos destinados a los municipios afectados por la DANA. Las vicepresidentas Nat\u00e0lia Enguix y Reme Mazzolari participaron en la Semana Europea de las Regiones y Ciudades 2025 junto al diputado de Fondos Europeos y alcalde&#8230;<\/p>\n","protected":false},"author":1,"featured_media":7223,"comment_status":"open","ping_status":"open","sticky":false,"template":"","format":"standard","meta":{"footnotes":""},"categories":[1],"tags":[],"class_list":["post-7221","post","type-post","status-publish","format-standard","has-post-thumbnail","hentry","category-actualidad"],"_links":{"self":[{"href":"https:\/\/infogandia.es\/index.php\/wp-json\/wp\/v2\/posts\/7221","targetHints":{"allow":["GET"]}}],"collection":[{"href":"https:\/\/infogandia.es\/index.php\/wp-json\/wp\/v2\/posts"}],"about":[{"href":"https:\/\/infogandia.es\/index.php\/wp-json\/wp\/v2\/types\/post"}],"author":[{"embeddable":true,"href":"https:\/\/infogandia.es\/index.php\/wp-json\/wp\/v2\/users\/1"}],"replies":[{"embeddable":true,"href":"https:\/\/infogandia.es\/index.php\/wp-json\/wp\/v2\/comments?post=7221"}],"version-history":[{"count":3,"href":"https:\/\/infogandia.es\/index.php\/wp-json\/wp\/v2\/posts\/7221\/revisions"}],"predecessor-version":[{"id":7227,"href":"https:\/\/infogandia.es\/index.php\/wp-json\/wp\/v2\/posts\/7221\/revisions\/7227"}],"wp:featuredmedia":[{"embeddable":true,"href":"https:\/\/infogandia.es\/index.php\/wp-json\/wp\/v2\/media\/7223"}],"wp:attachment":[{"href":"https:\/\/infogandia.es\/index.php\/wp-json\/wp\/v2\/media?parent=7221"}],"wp:term":[{"taxonomy":"category","embeddable":true,"href":"https:\/\/infogandia.es\/index.php\/wp-json\/wp\/v2\/categories?post=7221"},{"taxonomy":"post_tag","embeddable":true,"href":"https:\/\/infogandia.es\/index.php\/wp-json\/wp\/v2\/tags?post=7221"}],"curies":[{"name":"wp","href":"https:\/\/api.w.org\/{rel}","templated":true}]}}