{"id":7228,"date":"2025-10-14T16:22:17","date_gmt":"2025-10-14T16:22:17","guid":{"rendered":"https:\/\/infogandia.es\/?p=7228"},"modified":"2025-10-14T16:22:17","modified_gmt":"2025-10-14T16:22:17","slug":"la-diputacion-presenta-la-edicion-mas-especial-de-la-feria-del-aceite-de-enguera-con-actividades-para-todos-los-publicos","status":"publish","type":"post","link":"https:\/\/infogandia.es\/index.php\/2025\/10\/14\/la-diputacion-presenta-la-edicion-mas-especial-de-la-feria-del-aceite-de-enguera-con-actividades-para-todos-los-publicos\/","title":{"rendered":"La Diputaci\u00f3n presenta la edici\u00f3n m\u00e1s especial de la Feria del Aceite de Enguera con actividades para todos los p\u00fablicos"},"content":{"rendered":"\n<p>La Diputaci\u00f3 de Val\u00e8ncia ha presentado este martes la <strong>III Feria del Aceite de Enguera<\/strong>, una edici\u00f3n especialmente significativa por la conmemoraci\u00f3n del <strong>centenario de la Cooperativa Campoenguera<\/strong>, referente provincial en la producci\u00f3n de Aceite de Oliva Virgen Extra de m\u00e1xima calidad.<\/p>\n\n\n\n<p>El evento, que se celebrar\u00e1 los d\u00edas <strong>17, 18 y 19 de octubre<\/strong> en la localidad de la Canal de Navarr\u00e9s, contar\u00e1 con un extenso programa de actividades para todos los p\u00fablicos, entre las que destacan <strong>catas, talleres infantiles, showcookings, concursos, m\u00fasica en directo, rutas senderistas y visitas guiadas<\/strong> por el municipio y sus espacios m\u00e1s emblem\u00e1ticos.<\/p>\n\n\n\n<p>El presidente de la Diputaci\u00f3n, <strong>Vicent Momp\u00f3<\/strong>, ha subrayado durante la presentaci\u00f3n que \u201c<strong>productos como el aceite de Enguera representan la riqueza y la variedad de nuestra tierra<\/strong>, y ponen en valor el trabajo de nuestros agricultores\u201d. Para Momp\u00f3, la feria \u201ces una celebraci\u00f3n de la cultura agr\u00edcola valenciana y de la colaboraci\u00f3n entre quienes trabajan d\u00eda a d\u00eda para que nuestra provincia siga siendo un referente de excelencia\u201d. Adem\u00e1s, ha animado a los visitantes \u201ca descubrir el municipio y la comarca de la Canal de Navarr\u00e9s, un entorno lleno de tradici\u00f3n, naturaleza y gastronom\u00eda\u201d.<\/p>\n\n\n\n<p>El acto de presentaci\u00f3n tambi\u00e9n ha contado con la presencia del <strong>diputado provincial de Turismo, Pedro Cuesta<\/strong>, y de la <strong>alcaldesa de Enguera, Matilde Mar\u00edn<\/strong>, quienes han puesto de relieve la consolidaci\u00f3n del evento en el calendario agroalimentario valenciano.<\/p>\n\n\n\n<p>Cuesta ha recordado que \u201cla Diputaci\u00f3n apost\u00f3 por esta feria desde su nacimiento, y el tiempo nos ha dado la raz\u00f3n: su \u00e9xito la ha situado en el mapa tur\u00edstico y agroalimentario, incluso con proyecci\u00f3n internacional\u201d.<\/p>\n\n\n\n<p>Por su parte, la alcaldesa Matilde Mar\u00edn ha agradecido el respaldo de la instituci\u00f3n provincial, destacando que \u201cel apoyo de la Diputaci\u00f3n ha sido fundamental para hacer posible una feria que involucra a todo el municipio. Cada a\u00f1o aunamos esfuerzos para poner en valor el aceite de oliva, la mejor manera de apoyar a nuestros agricultores\u201d.<\/p>\n\n\n\n<h3 class=\"wp-block-heading\">Actividades destacadas<\/h3>\n\n\n\n<p>La programaci\u00f3n arrancar\u00e1 el <strong>viernes 17<\/strong> con el <strong>II Concurso AOVE de Escuelas de Cocina<\/strong>, centrado en las tapas, en el que participar\u00e1n la escuela de Enguera y otras dos de la provincia de Alicante.<\/p>\n\n\n\n<p>Durante todo el fin de semana, los asistentes podr\u00e1n disfrutar de <strong>talleres y catas infantiles<\/strong>, degustaciones de aceite, vino y cerveza, <strong>showcookings<\/strong>, conciertos, tertulias gastron\u00f3micas y diversas actividades participativas.<\/p>\n\n\n\n<p>Entre las propuestas m\u00e1s singulares, los visitantes podr\u00e1n <strong>vivir la experiencia de la recogida de aceitunas<\/strong> y asistir a una demostraci\u00f3n en una almazara sobre el proceso de elaboraci\u00f3n del aceite. Tambi\u00e9n se organizar\u00e1n <strong>rutas senderistas<\/strong> por la <strong>V\u00eda Ferrata, el Castillo y el poblado \u00edbero<\/strong>, as\u00ed como <strong>visitas guiadas<\/strong> para conocer la historia, los monumentos y la gastronom\u00eda local.<\/p>\n\n\n\n<p>La feria concluir\u00e1 el <strong>domingo 19<\/strong> con un <strong>bingo musical<\/strong> en el Escenario Principal, en el que se entregar\u00e1n premios a los ganadores.<\/p>\n\n\n\n<p>Las personas interesadas en participar en las diferentes actividades pueden <strong>inscribirse previamente a trav\u00e9s de la web oficial<\/strong> <a href=\"https:\/\/feriadelaceite.es\/\">www.feriadelaceite.es<\/a>.<\/p>\n","protected":false},"excerpt":{"rendered":"<p>La Diputaci\u00f3 de Val\u00e8ncia ha presentado este martes la III Feria del Aceite de Enguera, una edici\u00f3n especialmente significativa por la conmemoraci\u00f3n del centenario de la Cooperativa Campoenguera, referente provincial en la producci\u00f3n de Aceite de Oliva Virgen Extra de m\u00e1xima calidad. El evento, que se celebrar\u00e1 los d\u00edas 17, 18 y 19 de octubre&#8230;<\/p>\n","protected":false},"author":1,"featured_media":7222,"comment_status":"open","ping_status":"open","sticky":false,"template":"","format":"standard","meta":{"footnotes":""},"categories":[1,27,57],"tags":[],"class_list":["post-7228","post","type-post","status-publish","format-standard","has-post-thumbnail","hentry","category-actualidad","category-sociedad","category-turismo"],"_links":{"self":[{"href":"https:\/\/infogandia.es\/index.php\/wp-json\/wp\/v2\/posts\/7228","targetHints":{"allow":["GET"]}}],"collection":[{"href":"https:\/\/infogandia.es\/index.php\/wp-json\/wp\/v2\/posts"}],"about":[{"href":"https:\/\/infogandia.es\/index.php\/wp-json\/wp\/v2\/types\/post"}],"author":[{"embeddable":true,"href":"https:\/\/infogandia.es\/index.php\/wp-json\/wp\/v2\/users\/1"}],"replies":[{"embeddable":true,"href":"https:\/\/infogandia.es\/index.php\/wp-json\/wp\/v2\/comments?post=7228"}],"version-history":[{"count":1,"href":"https:\/\/infogandia.es\/index.php\/wp-json\/wp\/v2\/posts\/7228\/revisions"}],"predecessor-version":[{"id":7229,"href":"https:\/\/infogandia.es\/index.php\/wp-json\/wp\/v2\/posts\/7228\/revisions\/7229"}],"wp:featuredmedia":[{"embeddable":true,"href":"https:\/\/infogandia.es\/index.php\/wp-json\/wp\/v2\/media\/7222"}],"wp:attachment":[{"href":"https:\/\/infogandia.es\/index.php\/wp-json\/wp\/v2\/media?parent=7228"}],"wp:term":[{"taxonomy":"category","embeddable":true,"href":"https:\/\/infogandia.es\/index.php\/wp-json\/wp\/v2\/categories?post=7228"},{"taxonomy":"post_tag","embeddable":true,"href":"https:\/\/infogandia.es\/index.php\/wp-json\/wp\/v2\/tags?post=7228"}],"curies":[{"name":"wp","href":"https:\/\/api.w.org\/{rel}","templated":true}]}}