{"id":7230,"date":"2025-10-15T14:47:36","date_gmt":"2025-10-15T14:47:36","guid":{"rendered":"https:\/\/infogandia.es\/?p=7230"},"modified":"2025-10-15T14:47:36","modified_gmt":"2025-10-15T14:47:36","slug":"paco-cerda-y-jose-luis-sastre-protagonizaran-la-cuarta-jornada-de-gandia-pensa-el-17-de-octubre","status":"publish","type":"post","link":"https:\/\/infogandia.es\/index.php\/2025\/10\/15\/paco-cerda-y-jose-luis-sastre-protagonizaran-la-cuarta-jornada-de-gandia-pensa-el-17-de-octubre\/","title":{"rendered":"Paco Cerd\u00e0 y Jos\u00e9 Luis Sastre protagonizar\u00e1n la cuarta jornada de Gandia Pensa el 17 de octubre"},"content":{"rendered":"\n<p><strong>El Jard\u00edn de la Casa de la Marquesa acoger\u00e1 el acto a partir de las 18:30 horas<\/strong><\/p>\n\n\n\n<p>El ciclo <em>Gandia Pensa<\/em> regresa con una nueva cita el pr\u00f3ximo <strong>17 de octubre<\/strong>, en colaboraci\u00f3n con la <strong>Tardor Liter\u00e0ria<\/strong>, en un encuentro que reunir\u00e1 a dos destacadas voces del periodismo y la literatura actuales: <strong>Jos\u00e9 Luis Sastre<\/strong> y <strong>Paco Cerd\u00e0<\/strong>, este \u00faltimo galardonado recientemente con el <strong>Premio Nacional de Narrativa 2025<\/strong> del Ministerio de Cultura.<\/p>\n\n\n\n<p>Ambos autores valencianos se caracterizan por su mirada comprometida y honesta hacia la realidad contempor\u00e1nea, sin perder de vista el pasado y dando voz a los m\u00e1s vulnerables. Su labor combina la sensibilidad literaria con el rigor informativo, ofreciendo una reflexi\u00f3n l\u00facida sobre los tiempos que vivimos.<\/p>\n\n\n\n<p>Desde el <strong>Ayuntamiento de Gandia<\/strong>, se celebra la colaboraci\u00f3n entre <em>Gandia Pensa<\/em> y la <em>Tardor Liter\u00e0ria<\/em>, dos iniciativas del <strong>Departamento de Cultura<\/strong> que trabajan conjuntamente para promover el pensamiento cr\u00edtico, el di\u00e1logo ciudadano y la reflexi\u00f3n colectiva.<\/p>\n\n\n\n<p>La sesi\u00f3n, titulada <strong>\u201cMemoria de una vida, memoria de un pa\u00eds\u201d<\/strong>, estar\u00e1 moderada por <strong>Mar\u00eda Bravo<\/strong>, de la librer\u00eda Ambra. En ella, los ponentes abordar\u00e1n temas presentes en sus obras, la relaci\u00f3n entre memoria e identidad, el valor del pensamiento cr\u00edtico y la importancia de repensar el pasado como ejercicio de convivencia con el presente.<\/p>\n\n\n\n<h4 class=\"wp-block-heading\">Los protagonistas<\/h4>\n\n\n\n<p><strong>Paco Cerd\u00e0<\/strong>, nacido en Genov\u00e9s, es periodista y escritor de no ficci\u00f3n. Ha trabajado en <em>Levante-EMV<\/em> y colabora habitualmente con diversos medios como <em>El Pa\u00eds<\/em>. Es autor de obras reconocidas como <em>Los \u00faltimos<\/em>, <em>El pe\u00f3n<\/em> \u2014Premio C\u00e1lamo al mejor libro del a\u00f1o en 2020\u2014, <em>14 de abril<\/em> \u2014Premio de No Ficci\u00f3n Libros del Asteroide, Premio de las Librer\u00edas de Navarra y Premio de la Cr\u00edtica Valenciana 2023\u2014 y <em>Presentes<\/em>, obra por la que ha recibido el <strong>Premio Nacional de Narrativa 2025<\/strong>.<\/p>\n\n\n\n<p><strong>Jos\u00e9 Luis Sastre<\/strong>, natural de Alberic, es una de las voces m\u00e1s destacadas de la radio espa\u00f1ola. Subdirector del programa <em>Hoy por Hoy<\/em> de la <strong>Cadena SER<\/strong> y colaborador en <em>El Pa\u00eds<\/em>, ha sido reconocido con la <strong>Antena de Oro 2024<\/strong> y el <strong>Premio Ondas Globales del Podcast 2025<\/strong> al mejor videopodcast por <em>Sastre y Maldonado<\/em>. En 2024 debut\u00f3 en la narrativa con <em>Las frases robadas<\/em>.<\/p>\n\n\n\n<h4 class=\"wp-block-heading\">Ediciones anteriores<\/h4>\n\n\n\n<p>Esta cuarta jornada de <em>Gandia Pensa<\/em> llega tras el \u00e9xito de las sesiones previas: la inauguraci\u00f3n con el escritor <strong>Theodor Kallifatides<\/strong>, la intervenci\u00f3n del magistrado <strong>Joaquim Bosch<\/strong> sobre la calidad democr\u00e1tica y los riesgos autoritarios, y la conversaci\u00f3n entre <strong>Marina Garc\u00e9s<\/strong> y <strong>Antonio Monegal<\/strong> sobre el valor de la palabra y la democracia en tiempos de incertidumbre.<\/p>\n\n\n\n<h4 class=\"wp-block-heading\">Sobre <em>Gandia Pensa<\/em><\/h4>\n\n\n\n<p><em>Gandia Pensa<\/em> es una iniciativa impulsada por el <strong>Ayuntamiento de Gandia<\/strong>, junto con la <strong>C\u00e1tedra Joan Noguera de la Universidad de Valencia<\/strong>, el <strong>CEIC Alfons el Vell<\/strong> y la <strong>Direcci\u00f3n General del Libro del Ministerio de Cultura<\/strong>. Comisariada por <strong>\u00c0ngels Gregori<\/strong>, su objetivo es promover los valores democr\u00e1ticos y humanistas, generando espacios de pensamiento y di\u00e1logo abiertos a la ciudadan\u00eda.<\/p>\n","protected":false},"excerpt":{"rendered":"<p>El Jard\u00edn de la Casa de la Marquesa acoger\u00e1 el acto a partir de las 18:30 horas El ciclo Gandia Pensa regresa con una nueva cita el pr\u00f3ximo 17 de octubre, en colaboraci\u00f3n con la Tardor Liter\u00e0ria, en un encuentro que reunir\u00e1 a dos destacadas voces del periodismo y la literatura actuales: Jos\u00e9 Luis Sastre&#8230;<\/p>\n","protected":false},"author":1,"featured_media":7232,"comment_status":"open","ping_status":"open","sticky":false,"template":"","format":"standard","meta":{"footnotes":""},"categories":[1],"tags":[],"class_list":["post-7230","post","type-post","status-publish","format-standard","has-post-thumbnail","hentry","category-actualidad"],"_links":{"self":[{"href":"https:\/\/infogandia.es\/index.php\/wp-json\/wp\/v2\/posts\/7230","targetHints":{"allow":["GET"]}}],"collection":[{"href":"https:\/\/infogandia.es\/index.php\/wp-json\/wp\/v2\/posts"}],"about":[{"href":"https:\/\/infogandia.es\/index.php\/wp-json\/wp\/v2\/types\/post"}],"author":[{"embeddable":true,"href":"https:\/\/infogandia.es\/index.php\/wp-json\/wp\/v2\/users\/1"}],"replies":[{"embeddable":true,"href":"https:\/\/infogandia.es\/index.php\/wp-json\/wp\/v2\/comments?post=7230"}],"version-history":[{"count":1,"href":"https:\/\/infogandia.es\/index.php\/wp-json\/wp\/v2\/posts\/7230\/revisions"}],"predecessor-version":[{"id":7233,"href":"https:\/\/infogandia.es\/index.php\/wp-json\/wp\/v2\/posts\/7230\/revisions\/7233"}],"wp:featuredmedia":[{"embeddable":true,"href":"https:\/\/infogandia.es\/index.php\/wp-json\/wp\/v2\/media\/7232"}],"wp:attachment":[{"href":"https:\/\/infogandia.es\/index.php\/wp-json\/wp\/v2\/media?parent=7230"}],"wp:term":[{"taxonomy":"category","embeddable":true,"href":"https:\/\/infogandia.es\/index.php\/wp-json\/wp\/v2\/categories?post=7230"},{"taxonomy":"post_tag","embeddable":true,"href":"https:\/\/infogandia.es\/index.php\/wp-json\/wp\/v2\/tags?post=7230"}],"curies":[{"name":"wp","href":"https:\/\/api.w.org\/{rel}","templated":true}]}}