{"id":7243,"date":"2025-10-15T14:50:04","date_gmt":"2025-10-15T14:50:04","guid":{"rendered":"https:\/\/infogandia.es\/?p=7243"},"modified":"2025-10-15T14:51:26","modified_gmt":"2025-10-15T14:51:26","slug":"el-centro-historico-de-gandia-celebra-sus-fiestas-este-fin-de-semana-2","status":"publish","type":"post","link":"https:\/\/infogandia.es\/index.php\/2025\/10\/15\/el-centro-historico-de-gandia-celebra-sus-fiestas-este-fin-de-semana-2\/","title":{"rendered":"El Centro Hist\u00f3rico de Gandia celebra sus fiestas este fin de semana"},"content":{"rendered":"\n<h3 class=\"wp-block-heading\">El Centro Hist\u00f3rico de Gandia celebra sus fiestas este fin de semana<\/h3>\n\n\n\n<p><strong>Gandia, 15 de octubre de 2025.<\/strong> \u2013 La <strong>presidenta de la Junta de Distrito del Centro Hist\u00f3rico<\/strong>, <strong>Lydia Morant<\/strong>, y el <strong>presidente de la Asociaci\u00f3n de Vecinos del barrio<\/strong>, <strong>Toni Albors<\/strong>, han anunciado la celebraci\u00f3n de las <strong>fiestas del Centro Hist\u00f3rico de Gandia<\/strong>, que tendr\u00e1n lugar este fin de semana.<\/p>\n\n\n\n<p>El programa festivo comenzar\u00e1 el <strong>domingo 19 de octubre a las 9:00 horas<\/strong> con una <strong>romer\u00eda organizada por la Hermandad de San Pedro Ap\u00f3stol<\/strong>, que saldr\u00e1 desde la <strong>plaza Escola Pia<\/strong> y llegar\u00e1 hasta la <strong>ermita de Santa Anna<\/strong>. Al finalizar, se ofrecer\u00e1 un <strong>almuerzo popular<\/strong> para todas las personas participantes.<\/p>\n\n\n\n<p>A continuaci\u00f3n, a partir de las <strong>13:30 horas<\/strong>, se celebrar\u00e1 una <strong>paella gigante<\/strong> organizada por la <strong>Falla Escoles Pies<\/strong>.<br>Los <strong>tiques<\/strong>, con un precio de <strong>3,50 euros<\/strong>, incluyen plato de paella, bebida y postre, y se podr\u00e1n adquirir en la <strong>plaza Tirant<\/strong> hasta el <strong>viernes 17 de octubre<\/strong>, en horario de <strong>18:30 a 20:00 horas<\/strong>, o bien reservando por tel\u00e9fono al <strong>722 382 079<\/strong>.<\/p>\n\n\n\n<p>Adem\u00e1s, el <strong>s\u00e1bado 25 de octubre<\/strong>, a partir de las <strong>19:30 horas<\/strong>, se celebrar\u00e1 la tradicional <strong>\u201cDans\u00e0 del Centro Hist\u00f3rico de Gandia\u201d<\/strong>, en la <strong>calle Duc Carles de Borja<\/strong>, a cargo del grupo de baile <strong>\u201cLa Delic\u00e0 de Gandia\u201d<\/strong>.<\/p>\n\n\n\n<p>La concejala Lydia Morant ha agradecido la colaboraci\u00f3n de los miembros de la <strong>Junta de Distrito del Centro Hist\u00f3rico<\/strong>, presidida por Toni Albors, as\u00ed como de la <strong>Hermandad de San Pedro Ap\u00f3stol<\/strong> y del grupo de baile <strong>\u201cLa Delic\u00e0 de Gandia\u201d<\/strong>, por su implicaci\u00f3n en las actividades programadas.<\/p>\n\n\n\n<p>Finalmente, ambos han invitado a toda la ciudadan\u00eda a participar y disfrutar del ambiente festivo del <strong>Centro Hist\u00f3rico de Gandia<\/strong>.<\/p>\n\n\n\n<p><\/p>\n","protected":false},"excerpt":{"rendered":"<p>El Centro Hist\u00f3rico de Gandia celebra sus fiestas este fin de semana Gandia, 15 de octubre de 2025. \u2013 La presidenta de la Junta de Distrito del Centro Hist\u00f3rico, Lydia Morant, y el presidente de la Asociaci\u00f3n de Vecinos del barrio, Toni Albors, han anunciado la celebraci\u00f3n de las fiestas del Centro Hist\u00f3rico de Gandia,&#8230;<\/p>\n","protected":false},"author":1,"featured_media":7241,"comment_status":"open","ping_status":"open","sticky":false,"template":"","format":"standard","meta":{"footnotes":""},"categories":[1],"tags":[],"class_list":["post-7243","post","type-post","status-publish","format-standard","has-post-thumbnail","hentry","category-actualidad"],"_links":{"self":[{"href":"https:\/\/infogandia.es\/index.php\/wp-json\/wp\/v2\/posts\/7243","targetHints":{"allow":["GET"]}}],"collection":[{"href":"https:\/\/infogandia.es\/index.php\/wp-json\/wp\/v2\/posts"}],"about":[{"href":"https:\/\/infogandia.es\/index.php\/wp-json\/wp\/v2\/types\/post"}],"author":[{"embeddable":true,"href":"https:\/\/infogandia.es\/index.php\/wp-json\/wp\/v2\/users\/1"}],"replies":[{"embeddable":true,"href":"https:\/\/infogandia.es\/index.php\/wp-json\/wp\/v2\/comments?post=7243"}],"version-history":[{"count":2,"href":"https:\/\/infogandia.es\/index.php\/wp-json\/wp\/v2\/posts\/7243\/revisions"}],"predecessor-version":[{"id":7245,"href":"https:\/\/infogandia.es\/index.php\/wp-json\/wp\/v2\/posts\/7243\/revisions\/7245"}],"wp:featuredmedia":[{"embeddable":true,"href":"https:\/\/infogandia.es\/index.php\/wp-json\/wp\/v2\/media\/7241"}],"wp:attachment":[{"href":"https:\/\/infogandia.es\/index.php\/wp-json\/wp\/v2\/media?parent=7243"}],"wp:term":[{"taxonomy":"category","embeddable":true,"href":"https:\/\/infogandia.es\/index.php\/wp-json\/wp\/v2\/categories?post=7243"},{"taxonomy":"post_tag","embeddable":true,"href":"https:\/\/infogandia.es\/index.php\/wp-json\/wp\/v2\/tags?post=7243"}],"curies":[{"name":"wp","href":"https:\/\/api.w.org\/{rel}","templated":true}]}}