{"id":7249,"date":"2025-10-16T16:57:50","date_gmt":"2025-10-16T16:57:50","guid":{"rendered":"https:\/\/infogandia.es\/?p=7249"},"modified":"2025-10-16T16:57:50","modified_gmt":"2025-10-16T16:57:50","slug":"gandia-impulsa-activa-jove-tardor-para-situar-a-la-juventud-en-el-centro-con-formacion-bienestar-y-participacion","status":"publish","type":"post","link":"https:\/\/infogandia.es\/index.php\/2025\/10\/16\/gandia-impulsa-activa-jove-tardor-para-situar-a-la-juventud-en-el-centro-con-formacion-bienestar-y-participacion\/","title":{"rendered":"Gandia impulsa \u2018Activa Jove Tardor\u2019 para situar a la juventud en el centro con formaci\u00f3n, bienestar y participaci\u00f3n"},"content":{"rendered":"\n<p>El programa, organizado por la Concejal\u00eda de Juventud del Ayuntamiento de Gandia, ofrecer\u00e1 del 24 de octubre al 22 de noviembre charlas, talleres y actividades sobre salud mental, emprendimiento, ocio saludable y tecnolog\u00eda.<\/p>\n\n\n\n<p>La Concejal\u00eda de Juventud del Ayuntamiento de Gandia ha presentado el programa \u2018Activa Jove Tardor\u2019, una completa propuesta de actividades que se desarrollar\u00e1 del 24 de octubre al 22 de noviembre con el objetivo de situar a la juventud en el centro de las pol\u00edticas locales y ofrecer espacios de formaci\u00f3n, expresi\u00f3n, bienestar y participaci\u00f3n activa en la comunidad.<\/p>\n\n\n\n<p>Seg\u00fan ha explicado la concejala de Juventud, Inma Rodr\u00edguez, \u201ccon Activa Jove Tardor queremos poner en valor a la juventud y situarla en el coraz\u00f3n de todas nuestras pol\u00edticas. Hemos dise\u00f1ado una programaci\u00f3n muy completa, en la que abordaremos temas como la presi\u00f3n est\u00e9tica, la salud mental, el autocuidado, la tecnolog\u00eda, las redes sociales, la dependencia digital, la falta de oportunidades laborales o las ganas de emprender, adem\u00e1s de ofrecer propuestas de ocio saludable dirigidas a los centros educativos\u201d.<\/p>\n\n\n\n<p>El programa nace de la escucha activa de las necesidades reales de las personas j\u00f3venes del municipio, que han manifestado sus inquietudes en torno a la salud mental, la imagen corporal, las redes sociales o las oportunidades laborales, y su deseo de contar con espacios donde crear, relacionarse y vivir experiencias positivas y saludables.<\/p>\n\n\n\n<p>Durante un mes, Activa Jove Tardor ofrecer\u00e1 una amplia variedad de charlas, talleres pr\u00e1cticos y actividades vivenciales en distintos espacios de la ciudad, adaptadas a los intereses y preocupaciones de la juventud gandiense.<\/p>\n\n\n\n<p>Programaci\u00f3n destacada<\/p>\n\n\n\n<p>24 de octubre \u2013 Casa de la Marquesa: Charla sobre el abuso del skincare y la presi\u00f3n de la imagen en la juventud.<\/p>\n\n\n\n<p>25 de octubre \u2013 Espai Jove: Sesi\u00f3n de risoterapia para el bienestar emocional y taller sobre tecnolog\u00eda y juventud.<\/p>\n\n\n\n<p>7 de noviembre \u2013 Alqueria Laborde: Reflexi\u00f3n sobre redes sociales bajo el t\u00edtulo \u201c\u00bfEstamos conectados\u2026 o atrapados?\u201d, con la colaboraci\u00f3n del servicio municipal de salud mental Parlem.<\/p>\n\n\n\n<p>8 de noviembre \u2013 Espai Creatiu: Taller de pintura \u201cEntre Amigos\u201d, en colaboraci\u00f3n con el Consell dels Joves de Gandia.<\/p>\n\n\n\n<p>13 de noviembre \u2013 Teatre Serrano y Casa de la Marquesa: Conferencia de Luis P\u00e9rez, experto en adicciones, y sesi\u00f3n sobre nutrici\u00f3n, deporte y h\u00e1bitos saludables.<\/p>\n\n\n\n<p>15 de noviembre \u2013 Espai Jove: Taller sobre emprendimiento y juventud, con herramientas y motivaci\u00f3n para crear el propio camino profesional.<\/p>\n\n\n\n<p>21 de noviembre \u2013 Espai Jove: Taller \u201c\u00bfHablamos de XXX?\u201d para tratar temas sin tab\u00faes y charla vivencial \u201cDe la m\u00fasica y el p\u00f3ker a la ense\u00f1anza en prisi\u00f3n\u201d, una historia de superaci\u00f3n y educaci\u00f3n.<\/p>\n\n\n\n<p>22 de noviembre \u2013 Jardines de la Marquesa: Clausura con la Experiencia Borgiana, una recreaci\u00f3n medieval donde los participantes podr\u00e1n \u201cconvertirse en Borgia por un d\u00eda\u201d, con tiro con arco, softcombat y otras actividades l\u00fadicas y culturales.<\/p>\n\n\n\n<p>El t\u00e9cnico de Juventud, Adri\u00e0 Juste, ha destacado que Activa Jove Tardor es \u201cuna programaci\u00f3n muy trabajada, dise\u00f1ada a partir de las necesidades y demandas que nos ha trasladado la juventud de Gandia. Hemos querido abordar tem\u00e1ticas muy diversas, desde la presi\u00f3n est\u00e9tica hasta la tecnolog\u00eda o las redes sociales, con la colaboraci\u00f3n del servicio Parlem\u201d.<\/p>\n\n\n\n<p>Juste ha a\u00f1adido que el programa incluye tambi\u00e9n \u201cespacios para la creatividad, como el taller de pintura \u2018Entre Amigos\u2019, y propuestas m\u00e1s formativas, como la conferencia de Luis P\u00e9rez sobre adicciones o el taller sobre nutrici\u00f3n y h\u00e1bitos saludables. Adem\u00e1s, se tratar\u00e1n cuestiones como el emprendimiento juvenil o las relaciones sexoafectivas sin tab\u00faes\u201d.<\/p>\n\n\n\n<p>El programa culminar\u00e1 con la Experiencia Borgiana, una actividad l\u00fadica y cultural en los Jardines de la Marquesa. \u201cLas plazas son limitadas, aunque muchas actividades son de entrada libre\u201d, ha se\u00f1alado el t\u00e9cnico.<\/p>\n\n\n\n<p>Por \u00faltimo, la concejala Rodr\u00edguez ha invitado a toda la juventud de Gandia a participar en las actividades y ha recordado que toda la informaci\u00f3n est\u00e1 disponible en la web municipal y en las redes sociales del Departamento de Juventud.<\/p>\n","protected":false},"excerpt":{"rendered":"<p>El programa, organizado por la Concejal\u00eda de Juventud del Ayuntamiento de Gandia, ofrecer\u00e1 del 24 de octubre al 22 de noviembre charlas, talleres y actividades sobre salud mental, emprendimiento, ocio saludable y tecnolog\u00eda. La Concejal\u00eda de Juventud del Ayuntamiento de Gandia ha presentado el programa \u2018Activa Jove Tardor\u2019, una completa propuesta de actividades que se&#8230;<\/p>\n","protected":false},"author":1,"featured_media":7250,"comment_status":"open","ping_status":"open","sticky":false,"template":"","format":"standard","meta":{"footnotes":""},"categories":[1],"tags":[],"class_list":["post-7249","post","type-post","status-publish","format-standard","has-post-thumbnail","hentry","category-actualidad"],"_links":{"self":[{"href":"https:\/\/infogandia.es\/index.php\/wp-json\/wp\/v2\/posts\/7249","targetHints":{"allow":["GET"]}}],"collection":[{"href":"https:\/\/infogandia.es\/index.php\/wp-json\/wp\/v2\/posts"}],"about":[{"href":"https:\/\/infogandia.es\/index.php\/wp-json\/wp\/v2\/types\/post"}],"author":[{"embeddable":true,"href":"https:\/\/infogandia.es\/index.php\/wp-json\/wp\/v2\/users\/1"}],"replies":[{"embeddable":true,"href":"https:\/\/infogandia.es\/index.php\/wp-json\/wp\/v2\/comments?post=7249"}],"version-history":[{"count":1,"href":"https:\/\/infogandia.es\/index.php\/wp-json\/wp\/v2\/posts\/7249\/revisions"}],"predecessor-version":[{"id":7251,"href":"https:\/\/infogandia.es\/index.php\/wp-json\/wp\/v2\/posts\/7249\/revisions\/7251"}],"wp:featuredmedia":[{"embeddable":true,"href":"https:\/\/infogandia.es\/index.php\/wp-json\/wp\/v2\/media\/7250"}],"wp:attachment":[{"href":"https:\/\/infogandia.es\/index.php\/wp-json\/wp\/v2\/media?parent=7249"}],"wp:term":[{"taxonomy":"category","embeddable":true,"href":"https:\/\/infogandia.es\/index.php\/wp-json\/wp\/v2\/categories?post=7249"},{"taxonomy":"post_tag","embeddable":true,"href":"https:\/\/infogandia.es\/index.php\/wp-json\/wp\/v2\/tags?post=7249"}],"curies":[{"name":"wp","href":"https:\/\/api.w.org\/{rel}","templated":true}]}}