{"id":7253,"date":"2025-10-16T16:58:43","date_gmt":"2025-10-16T16:58:43","guid":{"rendered":"https:\/\/infogandia.es\/?p=7253"},"modified":"2025-10-16T16:58:44","modified_gmt":"2025-10-16T16:58:44","slug":"gandia-acoge-el-2-de-noviembre-la-xi-edicion-de-la-run-for-cancer","status":"publish","type":"post","link":"https:\/\/infogandia.es\/index.php\/2025\/10\/16\/gandia-acoge-el-2-de-noviembre-la-xi-edicion-de-la-run-for-cancer\/","title":{"rendered":"Gandia acoge el 2 de noviembre la XI edici\u00f3n de la Run for C\u00e1ncer"},"content":{"rendered":"\n<p><strong>Las inscripciones est\u00e1n abiertas hasta el 30 de octubre y la recaudaci\u00f3n se destinar\u00e1 \u00edntegramente a la lucha contra el c\u00e1ncer.<\/strong><\/p>\n\n\n\n<p>El pr\u00f3ximo <strong>domingo 2 de noviembre<\/strong>, la ciudad de <strong>Gandia<\/strong> volver\u00e1 a volcarse con la solidaridad acogiendo una nueva edici\u00f3n de la <strong>Run for C\u00e1ncer<\/strong>, una marcha y carrera no competitiva impulsada por la <strong>Asociaci\u00f3n Contra el C\u00e1ncer de Gandia<\/strong> y que forma parte del <strong>circuito provincial Run C\u00e1ncer<\/strong>, organizado por la <strong>Asociaci\u00f3n Contra el C\u00e1ncer de Valencia<\/strong>.<\/p>\n\n\n\n<p>La presentaci\u00f3n del evento ha contado con la participaci\u00f3n de la <strong>concejala de Sanidad, Pol\u00edticas Saludables y Calidad de Vida<\/strong>, <strong>Liduvina Gil<\/strong>; el <strong>concejal de Deportes de Marxuquera<\/strong>, <strong>Jes\u00fas Naveiro<\/strong>; y la <strong>presidenta de la Asociaci\u00f3n Contra el C\u00e1ncer de Gandia<\/strong>, <strong>Evelyn Cieslak<\/strong>.<\/p>\n\n\n\n<h4 class=\"wp-block-heading\">\u201cUna cita consolidada y muy especial para Gandia\u201d<\/h4>\n\n\n\n<p>Gil ha destacado el compromiso de la ciudad con esta causa: \u201cEs un placer presentar la 11.\u00aa edici\u00f3n de la Run for C\u00e1ncer, un circuito de marchas y carreras 100 % solidarias. Gandia se siente muy orgullosa de volver a acoger una cita tan consolidada y especial, en la que el Ayuntamiento, la Junta Local y todas las empresas colaboradoras trabajan unidas para sumar m\u00e1s que nunca en la lucha contra el c\u00e1ncer\u201d.<\/p>\n\n\n\n<p>La edil ha animado a toda la ciudadan\u00eda a participar, subrayando que esta iniciativa \u201cpermite que mayores y peque\u00f1os se unan para apoyar los proyectos de investigaci\u00f3n contra el c\u00e1ncer\u201d.<\/p>\n\n\n\n<h4 class=\"wp-block-heading\">Una carrera para todos los p\u00fablicos<\/h4>\n\n\n\n<p>Por su parte, <strong>Jes\u00fas Naveiro<\/strong> ha explicado que la carrera y la marcha saldr\u00e1n desde la <strong>Plaza del Prado<\/strong> a las <strong>11:00 horas<\/strong>, con un recorrido aproximado de <strong>5 kil\u00f3metros<\/strong> por el centro hist\u00f3rico.<\/p>\n\n\n\n<p>\u201cNo es necesario tener una gran condici\u00f3n f\u00edsica; se puede participar corriendo, caminando o paseando. Lo importante es sumarse a esta causa solidaria\u201d, ha se\u00f1alado Naveiro, quien ha agradecido la implicaci\u00f3n de la Asociaci\u00f3n Contra el C\u00e1ncer, de <strong>Vicky Foods<\/strong> como patrocinadora oficial y de todas las empresas colaboradoras.<\/p>\n\n\n\n<p>El concejal ha recordado que <strong>las inscripciones permanecen abiertas hasta el 30 de octubre<\/strong> y ha animado a superar la participaci\u00f3n del a\u00f1o pasado: \u201cEsperamos aumentar la recaudaci\u00f3n, ya que todos los fondos se destinan \u00edntegramente a la investigaci\u00f3n y a la lucha contra el c\u00e1ncer\u201d.<\/p>\n\n\n\n<p>Finalmente, <strong>Evelyn Cieslak<\/strong> ha detallado que los dorsales tienen un precio simb\u00f3lico de <strong>5 euros<\/strong> y que <strong>toda la recaudaci\u00f3n se destinar\u00e1 a proyectos de investigaci\u00f3n oncol\u00f3gica<\/strong>. \u201cEl a\u00f1o pasado se financiaron siete becas de investigaci\u00f3n de cuatro a\u00f1os de duraci\u00f3n. Cuantos m\u00e1s participantes haya, m\u00e1s becas podremos impulsar\u201d, ha explicado.<\/p>\n\n\n\n<p>Las inscripciones para la modalidad de carrera pueden realizarse a trav\u00e9s de la web <strong><a href=\"http:\/\/www.runcancer.com\">www.runcancer.com<\/a><\/strong>.<\/p>\n","protected":false},"excerpt":{"rendered":"<p>Las inscripciones est\u00e1n abiertas hasta el 30 de octubre y la recaudaci\u00f3n se destinar\u00e1 \u00edntegramente a la lucha contra el c\u00e1ncer. El pr\u00f3ximo domingo 2 de noviembre, la ciudad de Gandia volver\u00e1 a volcarse con la solidaridad acogiendo una nueva edici\u00f3n de la Run for C\u00e1ncer, una marcha y carrera no competitiva impulsada por la&#8230;<\/p>\n","protected":false},"author":1,"featured_media":7254,"comment_status":"open","ping_status":"open","sticky":false,"template":"","format":"standard","meta":{"footnotes":""},"categories":[1],"tags":[],"class_list":["post-7253","post","type-post","status-publish","format-standard","has-post-thumbnail","hentry","category-actualidad"],"_links":{"self":[{"href":"https:\/\/infogandia.es\/index.php\/wp-json\/wp\/v2\/posts\/7253","targetHints":{"allow":["GET"]}}],"collection":[{"href":"https:\/\/infogandia.es\/index.php\/wp-json\/wp\/v2\/posts"}],"about":[{"href":"https:\/\/infogandia.es\/index.php\/wp-json\/wp\/v2\/types\/post"}],"author":[{"embeddable":true,"href":"https:\/\/infogandia.es\/index.php\/wp-json\/wp\/v2\/users\/1"}],"replies":[{"embeddable":true,"href":"https:\/\/infogandia.es\/index.php\/wp-json\/wp\/v2\/comments?post=7253"}],"version-history":[{"count":1,"href":"https:\/\/infogandia.es\/index.php\/wp-json\/wp\/v2\/posts\/7253\/revisions"}],"predecessor-version":[{"id":7255,"href":"https:\/\/infogandia.es\/index.php\/wp-json\/wp\/v2\/posts\/7253\/revisions\/7255"}],"wp:featuredmedia":[{"embeddable":true,"href":"https:\/\/infogandia.es\/index.php\/wp-json\/wp\/v2\/media\/7254"}],"wp:attachment":[{"href":"https:\/\/infogandia.es\/index.php\/wp-json\/wp\/v2\/media?parent=7253"}],"wp:term":[{"taxonomy":"category","embeddable":true,"href":"https:\/\/infogandia.es\/index.php\/wp-json\/wp\/v2\/categories?post=7253"},{"taxonomy":"post_tag","embeddable":true,"href":"https:\/\/infogandia.es\/index.php\/wp-json\/wp\/v2\/tags?post=7253"}],"curies":[{"name":"wp","href":"https:\/\/api.w.org\/{rel}","templated":true}]}}