{"id":7256,"date":"2025-10-16T16:59:45","date_gmt":"2025-10-16T16:59:45","guid":{"rendered":"https:\/\/infogandia.es\/?p=7256"},"modified":"2025-10-16T16:59:45","modified_gmt":"2025-10-16T16:59:45","slug":"el-gobierno-local-no-descarta-ubicar-la-planta-de-biomasa-en-marxuquera","status":"publish","type":"post","link":"https:\/\/infogandia.es\/index.php\/2025\/10\/16\/el-gobierno-local-no-descarta-ubicar-la-planta-de-biomasa-en-marxuquera\/","title":{"rendered":"El Gobierno local no descarta ubicar la planta de biomasa en Marxuquera"},"content":{"rendered":"\n<p><strong>Comprom\u00eds afirma que la construcci\u00f3n sigue sobre la mesa, mientras el Partido Popular rechaza el proyecto y pide la renaturalizaci\u00f3n de la cantera.<\/strong><\/p>\n\n\n\n<p>La posible ubicaci\u00f3n de la futura <strong>planta de biomasa<\/strong> en Marxuquera volvi\u00f3 a generar debate tras la <strong>Junta de Distrito celebrada ayer<\/strong>, en la que el <strong>director general del Medio Natural del Ayuntamiento de Gandia<\/strong>, <strong>Daniel Mu\u00f1oz<\/strong>, se\u00f1al\u00f3 que \u201cla construcci\u00f3n de la planta de biomasa en Marxuquera no est\u00e1 descartada\u201d.<\/p>\n\n\n\n<p>Estas declaraciones contrastan con las manifestaciones realizadas d\u00edas atr\u00e1s por el <strong>alcalde de Gandia, Jos\u00e9 Manuel Prieto<\/strong>, quien asegur\u00f3 a los vecinos que el proyecto <strong>no se ubicar\u00eda en Marxuquera<\/strong>.<\/p>\n\n\n\n<p>El asunto provoc\u00f3 reacciones por parte de los distintos grupos pol\u00edticos. El concejal del <strong>Grupo Municipal Popular<\/strong>, <strong>David Ronda<\/strong>, presente en la Junta de Distrito, acus\u00f3 al gobierno local de \u201celudir responsabilidades y trasladar la culpa a otras administraciones\u201d. A su juicio, \u201clos vecinos de Marxuquera han sido enga\u00f1ados por parte del gobierno socialista de Gandia\u201d.<\/p>\n\n\n\n<p>Por su parte, el portavoz del PP, <strong>V\u00edctor Soler<\/strong>, calific\u00f3 la situaci\u00f3n de \u201cnuevo enga\u00f1o\u201d y consider\u00f3 que las declaraciones del director general de Medio Natural \u201cdesmienten las afirmaciones previas del alcalde\u201d, lo que, seg\u00fan afirm\u00f3, \u201cevidencia la falta de coordinaci\u00f3n y la fractura interna dentro del gobierno local en torno a un proyecto de gran impacto medioambiental y social\u201d.<\/p>\n\n\n\n<p>Soler reiter\u00f3 la posici\u00f3n del Partido Popular respecto al proyecto: \u201cRechazamos frontalmente la ubicaci\u00f3n de la planta en Marxuquera y pedimos un <strong>plan de renaturalizaci\u00f3n de la cantera<\/strong> como alternativa\u201d.<\/p>\n","protected":false},"excerpt":{"rendered":"<p>Comprom\u00eds afirma que la construcci\u00f3n sigue sobre la mesa, mientras el Partido Popular rechaza el proyecto y pide la renaturalizaci\u00f3n de la cantera. La posible ubicaci\u00f3n de la futura planta de biomasa en Marxuquera volvi\u00f3 a generar debate tras la Junta de Distrito celebrada ayer, en la que el director general del Medio Natural del&#8230;<\/p>\n","protected":false},"author":1,"featured_media":7257,"comment_status":"open","ping_status":"open","sticky":false,"template":"","format":"standard","meta":{"footnotes":""},"categories":[1],"tags":[],"class_list":["post-7256","post","type-post","status-publish","format-standard","has-post-thumbnail","hentry","category-actualidad"],"_links":{"self":[{"href":"https:\/\/infogandia.es\/index.php\/wp-json\/wp\/v2\/posts\/7256","targetHints":{"allow":["GET"]}}],"collection":[{"href":"https:\/\/infogandia.es\/index.php\/wp-json\/wp\/v2\/posts"}],"about":[{"href":"https:\/\/infogandia.es\/index.php\/wp-json\/wp\/v2\/types\/post"}],"author":[{"embeddable":true,"href":"https:\/\/infogandia.es\/index.php\/wp-json\/wp\/v2\/users\/1"}],"replies":[{"embeddable":true,"href":"https:\/\/infogandia.es\/index.php\/wp-json\/wp\/v2\/comments?post=7256"}],"version-history":[{"count":1,"href":"https:\/\/infogandia.es\/index.php\/wp-json\/wp\/v2\/posts\/7256\/revisions"}],"predecessor-version":[{"id":7258,"href":"https:\/\/infogandia.es\/index.php\/wp-json\/wp\/v2\/posts\/7256\/revisions\/7258"}],"wp:featuredmedia":[{"embeddable":true,"href":"https:\/\/infogandia.es\/index.php\/wp-json\/wp\/v2\/media\/7257"}],"wp:attachment":[{"href":"https:\/\/infogandia.es\/index.php\/wp-json\/wp\/v2\/media?parent=7256"}],"wp:term":[{"taxonomy":"category","embeddable":true,"href":"https:\/\/infogandia.es\/index.php\/wp-json\/wp\/v2\/categories?post=7256"},{"taxonomy":"post_tag","embeddable":true,"href":"https:\/\/infogandia.es\/index.php\/wp-json\/wp\/v2\/tags?post=7256"}],"curies":[{"name":"wp","href":"https:\/\/api.w.org\/{rel}","templated":true}]}}