{"id":7266,"date":"2025-10-17T12:16:00","date_gmt":"2025-10-17T12:16:00","guid":{"rendered":"https:\/\/infogandia.es\/?p=7266"},"modified":"2025-10-17T12:16:00","modified_gmt":"2025-10-17T12:16:00","slug":"david-melo-referente-del-atletismo-gandiense-protagoniza-el-nuevo-episodio-del-podcast-parlem-de-gandia","status":"publish","type":"post","link":"https:\/\/infogandia.es\/index.php\/2025\/10\/17\/david-melo-referente-del-atletismo-gandiense-protagoniza-el-nuevo-episodio-del-podcast-parlem-de-gandia\/","title":{"rendered":"David Melo, referente del atletismo gandiense, protagoniza el nuevo episodio del podcast \u201cParlem de Gandia\u201d"},"content":{"rendered":"\n<p>El atleta, ingeniero y gestor deportivo <strong>David Melo<\/strong> ser\u00e1 el invitado del nuevo episodio de <strong>\u201cParlem de Gandia\u201d<\/strong>, el podcast conducido por <strong>V\u00edctor Soler<\/strong>, portavoz del Grupo Municipal Popular. Este espacio se ha consolidado como un punto de encuentro para conversar con personas que, con su trabajo y dedicaci\u00f3n, contribuyen al crecimiento y desarrollo de la ciudad.<\/p>\n\n\n\n<p>En el <strong>quinto episodio del programa<\/strong>, Melo repasa junto a Soler su trayectoria como deportista y profesional, recordando sus experiencias en competiciones internacionales y su papel en la formaci\u00f3n de nuevas generaciones dentro del <strong>Club d\u2019Atletisme Safor Teika<\/strong>. Adem\u00e1s, reflexiona sobre la importancia del deporte en la identidad local y en el futuro de Gandia, abordando tambi\u00e9n los proyectos y retos que la ciudad enfrenta en el \u00e1mbito deportivo y educativo.<\/p>\n\n\n\n<p>V\u00edctor Soler destac\u00f3 la relevancia de la conversaci\u00f3n:<\/p>\n\n\n\n<blockquote class=\"wp-block-quote is-layout-flow wp-block-quote-is-layout-flow\">\n<p>\u201cHa sido un placer tener a David Melo con nosotros hablando de su trayectoria profesional y de Gandia. No hay nada como hablar con un deportista para entender la importancia del esfuerzo, sacrificio y constancia como claves del \u00e9xito. Nos alegra poder contar con \u2018Parlem de Gandia\u2019 como espacio para dar voz a personas que construyen una ciudad mejor\u201d, se\u00f1al\u00f3.<\/p>\n<\/blockquote>\n\n\n\n<p>El episodio con David Melo estar\u00e1 disponible <strong>hoy, viernes 17 de octubre, a las 15:00 horas<\/strong>, en el <strong>canal de YouTube de V\u00edctor Soler<\/strong>.<\/p>\n","protected":false},"excerpt":{"rendered":"<p>El atleta, ingeniero y gestor deportivo David Melo ser\u00e1 el invitado del nuevo episodio de \u201cParlem de Gandia\u201d, el podcast conducido por V\u00edctor Soler, portavoz del Grupo Municipal Popular. Este espacio se ha consolidado como un punto de encuentro para conversar con personas que, con su trabajo y dedicaci\u00f3n, contribuyen al crecimiento y desarrollo de&#8230;<\/p>\n","protected":false},"author":1,"featured_media":7267,"comment_status":"open","ping_status":"open","sticky":false,"template":"","format":"standard","meta":{"footnotes":""},"categories":[1],"tags":[],"class_list":["post-7266","post","type-post","status-publish","format-standard","has-post-thumbnail","hentry","category-actualidad"],"_links":{"self":[{"href":"https:\/\/infogandia.es\/index.php\/wp-json\/wp\/v2\/posts\/7266","targetHints":{"allow":["GET"]}}],"collection":[{"href":"https:\/\/infogandia.es\/index.php\/wp-json\/wp\/v2\/posts"}],"about":[{"href":"https:\/\/infogandia.es\/index.php\/wp-json\/wp\/v2\/types\/post"}],"author":[{"embeddable":true,"href":"https:\/\/infogandia.es\/index.php\/wp-json\/wp\/v2\/users\/1"}],"replies":[{"embeddable":true,"href":"https:\/\/infogandia.es\/index.php\/wp-json\/wp\/v2\/comments?post=7266"}],"version-history":[{"count":1,"href":"https:\/\/infogandia.es\/index.php\/wp-json\/wp\/v2\/posts\/7266\/revisions"}],"predecessor-version":[{"id":7268,"href":"https:\/\/infogandia.es\/index.php\/wp-json\/wp\/v2\/posts\/7266\/revisions\/7268"}],"wp:featuredmedia":[{"embeddable":true,"href":"https:\/\/infogandia.es\/index.php\/wp-json\/wp\/v2\/media\/7267"}],"wp:attachment":[{"href":"https:\/\/infogandia.es\/index.php\/wp-json\/wp\/v2\/media?parent=7266"}],"wp:term":[{"taxonomy":"category","embeddable":true,"href":"https:\/\/infogandia.es\/index.php\/wp-json\/wp\/v2\/categories?post=7266"},{"taxonomy":"post_tag","embeddable":true,"href":"https:\/\/infogandia.es\/index.php\/wp-json\/wp\/v2\/tags?post=7266"}],"curies":[{"name":"wp","href":"https:\/\/api.w.org\/{rel}","templated":true}]}}