{"id":7269,"date":"2025-10-17T12:16:31","date_gmt":"2025-10-17T12:16:31","guid":{"rendered":"https:\/\/infogandia.es\/?p=7269"},"modified":"2025-10-17T12:16:32","modified_gmt":"2025-10-17T12:16:32","slug":"gandia-celebra-la-semana-de-la-ciencia-y-la-tecnologia-del-10-al-15-de-noviembre","status":"publish","type":"post","link":"https:\/\/infogandia.es\/index.php\/2025\/10\/17\/gandia-celebra-la-semana-de-la-ciencia-y-la-tecnologia-del-10-al-15-de-noviembre\/","title":{"rendered":"Gandia celebra la Semana de la Ciencia y la Tecnolog\u00eda del 10 al 15 de noviembre"},"content":{"rendered":"\n<p>La <strong>Semana de la Ciencia y la Tecnolog\u00eda<\/strong> regresa a Gandia del <strong>10 al 15 de noviembre<\/strong>, con una programaci\u00f3n repleta de actividades pr\u00e1cticas, talleres, conferencias y exposiciones dise\u00f1adas para acercar la ciencia a la ciudadan\u00eda de una manera amena y participativa.<\/p>\n\n\n\n<p>El evento est\u00e1 organizado por la <strong>Universitat de Val\u00e8ncia<\/strong>, el <strong>Campus de Gandia de la Universitat Polit\u00e8cnica de Val\u00e8ncia (UPV)<\/strong>, el <strong>CEIC Alfons el Vell<\/strong> y el <strong>Ayuntamiento de Gandia<\/strong>, a trav\u00e9s de <strong>Urbalab Gandia<\/strong>. Su objetivo es despertar la curiosidad cient\u00edfica y fomentar el aprendizaje en todos los p\u00fablicos, especialmente entre el alumnado de Primaria, ESO, Bachillerato y Ciclos Formativos.<\/p>\n\n\n\n<p>La <strong>conferencia inaugural<\/strong> correr\u00e1 a cargo de la <strong>doctora Carmen Grau Vila<\/strong>, investigadora y divulgadora valenciana que actualmente trabaja en el <em>Institute for Sustainable Community and Risk Management<\/em> de la <strong>Waseda University y Senshu University (Jap\u00f3n)<\/strong>. Grau Vila, especialista en gesti\u00f3n de desastres y resiliencia comunitaria, abordar\u00e1 c\u00f3mo las sociedades pueden organizarse ante las cat\u00e1strofes naturales, la importancia de la memoria colectiva y la participaci\u00f3n ciudadana en situaciones de emergencia.<br>La cita ser\u00e1 el <strong>10 de noviembre a las 19:00 horas<\/strong> en la <strong>Casa de Cultura Marqu\u00e9s de Gonz\u00e1lez de Quir\u00f3s<\/strong>, con entrada libre para todos los p\u00fablicos.<\/p>\n\n\n\n<h4 class=\"wp-block-heading\"><strong>Actividades destacadas<\/strong><\/h4>\n\n\n\n<p>La programaci\u00f3n incluye talleres cient\u00edficos para escolares de diferentes niveles educativos:<\/p>\n\n\n\n<ul class=\"wp-block-list\">\n<li><strong>Para Primaria:<\/strong> el ciclo del agua, la limpieza de oc\u00e9anos, las tres \u201cR\u201d (reducir, reutilizar y reciclar), el estudio del suelo, los animales y sus h\u00e1bitats, y los ciclos vitales.<\/li>\n\n\n\n<li><strong>Para ESO y Bachillerato:<\/strong> actividades de arqueoqu\u00edmica, tecnolog\u00eda 3D aplicada a minerales, microbiolog\u00eda, elaboraci\u00f3n de medicamentos y observaci\u00f3n astron\u00f3mica del Sol y los eclipses.<\/li>\n<\/ul>\n\n\n\n<p>Adem\u00e1s, se celebrar\u00e1n <strong>charlas y encuentros con cient\u00edficas<\/strong> bajo los t\u00edtulos <em>Cara a cara con la ciencia<\/em>, con <strong>Blanca Feliu Tena<\/strong> (Instituto Espa\u00f1ol de Oceanograf\u00eda \u2013 CSIC), y <em>As\u00ed se hace ciencia<\/em>, con <strong>Ana Gonz\u00e1lez Su\u00e1rez<\/strong>, investigadora Ram\u00f3n y Cajal y miembro de la Comisi\u00f3n de Mujeres y Matem\u00e1ticas de la RSME. Ambas actividades estar\u00e1n conducidas por <strong>Marina Vall\u00e9s<\/strong> en <strong>Urbalab Gandia<\/strong>.<\/p>\n\n\n\n<h4 class=\"wp-block-heading\"><strong>Exposiciones abiertas al p\u00fablico<\/strong><\/h4>\n\n\n\n<p>El programa se completa con dos exposiciones:<\/p>\n\n\n\n<ul class=\"wp-block-list\">\n<li><em>Jeroni Muny\u00f3s: Matem\u00e1ticas, cosmolog\u00eda y humanismo en la \u00e9poca del Renacimiento<\/em>, que se podr\u00e1 visitar del <strong>2 de noviembre al 15 de diciembre<\/strong> en el <strong>Centro Internacional de la Universitat de Val\u00e8ncia en Gandia<\/strong>.<\/li>\n\n\n\n<li><em>El impacto del ruido en los peces<\/em>, sobre la investigaci\u00f3n del ruido submarino y su efecto en la tonyina roja, disponible del <strong>6 al 28 de noviembre<\/strong> en el <strong>vest\u00edbulo de la UPV \u2013 Campus de Gandia<\/strong>.<\/li>\n<\/ul>\n\n\n\n<h4 class=\"wp-block-heading\"><strong>Informaci\u00f3n pr\u00e1ctica<\/strong><\/h4>\n\n\n\n<ul class=\"wp-block-list\">\n<li><strong>Fechas:<\/strong> del 10 al 15 de noviembre<\/li>\n\n\n\n<li><strong>Lugares:<\/strong> Campus de Gandia (UPV), Centro Internacional de Gandia (UV), Urbalab Gandia y Casa de Cultura Marqu\u00e9s de Gonz\u00e1lez de Quir\u00f3s<\/li>\n\n\n\n<li><strong>Dirigido a:<\/strong> alumnado de Primaria, ESO, Bachillerato y CFGS, as\u00ed como al p\u00fablico general<\/li>\n\n\n\n<li><strong>Inscripciones:<\/strong> a trav\u00e9s de los centros educativos (las conferencias y exposiciones son de acceso libre)<\/li>\n\n\n\n<li><strong>M\u00e1s informaci\u00f3n:<\/strong> <a href=\"https:\/\/www.urbalabgandia.com\/es\/semana-de-la-ciencia-y-la-tecnologia\">urbalabgandia.com\/es\/semana-de-la-ciencia-y-la-tecnologia<\/a><\/li>\n<\/ul>\n","protected":false},"excerpt":{"rendered":"<p>La Semana de la Ciencia y la Tecnolog\u00eda regresa a Gandia del 10 al 15 de noviembre, con una programaci\u00f3n repleta de actividades pr\u00e1cticas, talleres, conferencias y exposiciones dise\u00f1adas para acercar la ciencia a la ciudadan\u00eda de una manera amena y participativa. El evento est\u00e1 organizado por la Universitat de Val\u00e8ncia, el Campus de Gandia&#8230;<\/p>\n","protected":false},"author":1,"featured_media":7270,"comment_status":"open","ping_status":"open","sticky":false,"template":"","format":"standard","meta":{"footnotes":""},"categories":[1,5,27],"tags":[],"class_list":["post-7269","post","type-post","status-publish","format-standard","has-post-thumbnail","hentry","category-actualidad","category-educacion","category-sociedad"],"_links":{"self":[{"href":"https:\/\/infogandia.es\/index.php\/wp-json\/wp\/v2\/posts\/7269","targetHints":{"allow":["GET"]}}],"collection":[{"href":"https:\/\/infogandia.es\/index.php\/wp-json\/wp\/v2\/posts"}],"about":[{"href":"https:\/\/infogandia.es\/index.php\/wp-json\/wp\/v2\/types\/post"}],"author":[{"embeddable":true,"href":"https:\/\/infogandia.es\/index.php\/wp-json\/wp\/v2\/users\/1"}],"replies":[{"embeddable":true,"href":"https:\/\/infogandia.es\/index.php\/wp-json\/wp\/v2\/comments?post=7269"}],"version-history":[{"count":1,"href":"https:\/\/infogandia.es\/index.php\/wp-json\/wp\/v2\/posts\/7269\/revisions"}],"predecessor-version":[{"id":7271,"href":"https:\/\/infogandia.es\/index.php\/wp-json\/wp\/v2\/posts\/7269\/revisions\/7271"}],"wp:featuredmedia":[{"embeddable":true,"href":"https:\/\/infogandia.es\/index.php\/wp-json\/wp\/v2\/media\/7270"}],"wp:attachment":[{"href":"https:\/\/infogandia.es\/index.php\/wp-json\/wp\/v2\/media?parent=7269"}],"wp:term":[{"taxonomy":"category","embeddable":true,"href":"https:\/\/infogandia.es\/index.php\/wp-json\/wp\/v2\/categories?post=7269"},{"taxonomy":"post_tag","embeddable":true,"href":"https:\/\/infogandia.es\/index.php\/wp-json\/wp\/v2\/tags?post=7269"}],"curies":[{"name":"wp","href":"https:\/\/api.w.org\/{rel}","templated":true}]}}