{"id":7272,"date":"2025-10-17T12:17:20","date_gmt":"2025-10-17T12:17:20","guid":{"rendered":"https:\/\/infogandia.es\/?p=7272"},"modified":"2025-10-17T12:17:21","modified_gmt":"2025-10-17T12:17:21","slug":"el-pp-critica-la-falta-de-actualizacion-del-plan-de-emergencias-ante-inundaciones-y-acusa-al-gobierno-de-prieto-de-inaccion","status":"publish","type":"post","link":"https:\/\/infogandia.es\/index.php\/2025\/10\/17\/el-pp-critica-la-falta-de-actualizacion-del-plan-de-emergencias-ante-inundaciones-y-acusa-al-gobierno-de-prieto-de-inaccion\/","title":{"rendered":"El PP critica la falta de actualizaci\u00f3n del Plan de Emergencias ante inundaciones y acusa al gobierno de Prieto de inacci\u00f3n"},"content":{"rendered":"\n<p>El portavoz del <strong>Grupo Municipal Popular<\/strong>, <strong>V\u00edctor Soler<\/strong>, y el concejal <strong>Vicent Gregori<\/strong> han comparecido esta ma\u00f1ana en rueda de prensa para reiterar la necesidad de <strong>actualizar el Plan de Emergencias contra Inundaciones de Gandia<\/strong>, una petici\u00f3n que, seg\u00fan los populares, el alcalde Jos\u00e9 Manuel Prieto mantiene sin respuesta desde hace ocho meses.<\/p>\n\n\n\n<p>El <strong>Partido Popular<\/strong> considera que la falta de actualizaci\u00f3n de este plan ha dejado a la ciudad sin las medidas preventivas necesarias frente a episodios de lluvias intensas como el ocurrido el pasado lunes. Gregori ha recordado que los planes de emergencia \u201cno deben quedarse en el papel\u201d, y ha insistido en que \u201cuna vez creados, el gobierno debe mantenerlos actualizados e informar a la ciudadan\u00eda, adem\u00e1s de realizar simulacros que permitan saber c\u00f3mo actuar en caso de emergencia\u201d.<\/p>\n\n\n\n<p>El edil popular ha se\u00f1alado que los planes se aprobaron en 2021 y que, desde entonces, \u201cni se han actualizado ni se han implementado los mecanismos prometidos de comunicaci\u00f3n y alerta\u201d. En este sentido, ha lamentado que, pese a que el PP solicit\u00f3 la actualizaci\u00f3n del plan el <strong>6 de febrero de 2025<\/strong>, el ejecutivo local \u201cno ha hecho nada\u201d tras dos episodios recientes de inundaciones.<\/p>\n\n\n\n<p>Por su parte, <strong>V\u00edctor Soler<\/strong> ha recalcado que \u201cnadie puede tachar de oportunista\u201d al Partido Popular, ya que la solicitud de actualizaci\u00f3n \u201cse present\u00f3 mucho antes de las \u00faltimas lluvias\u201d y \u201ca\u00fan seguimos esperando respuesta del alcalde\u201d.<\/p>\n\n\n\n<p>Soler tambi\u00e9n ha criticado que el <strong>gobierno de Prieto haya excluido al PP del CECOPAL<\/strong> (Centro de Coordinaci\u00f3n Operativa Municipal), \u00f3rgano en el que anteriormente s\u00ed participaban los populares. Seg\u00fan el portavoz, \u201cla pol\u00edtica de Prieto es igual que la de S\u00e1nchez: ninguna transparencia en la gesti\u00f3n, mientras se priorizan los recursos en comunicaci\u00f3n\u201d.<\/p>\n\n\n\n<p>Adem\u00e1s, el l\u00edder popular ha reclamado la <strong>creaci\u00f3n de un plan espec\u00edfico de limpieza de imbornales y alcantarillas<\/strong>, al considerar que su deficiente mantenimiento \u201cha agravado los efectos de las lluvias\u201d y ha obligado a los vecinos \u201ca limpiar por su cuenta las alcantarillas mientras ve\u00edan sus calles inundadas\u201d.<\/p>\n\n\n\n<p>Soler ha concluido que \u201cGandia no est\u00e1 preparada para las lluvias\u201d y ha responsabilizado al alcalde de \u201cestar m\u00e1s pendiente de la foto y el v\u00eddeo que de la gesti\u00f3n municipal\u201d. En esa l\u00ednea, ha anunciado que el <strong>Partido Popular exigir\u00e1 la actualizaci\u00f3n inmediata del Plan de Emergencias<\/strong>, propondr\u00e1 una <strong>comisi\u00f3n de investigaci\u00f3n sobre el funcionamiento del dep\u00f3sito del Clot de la Mota<\/strong>, y reclamar\u00e1 \u201cmayor responsabilidad y eficacia\u201d por parte del gobierno local.<\/p>\n","protected":false},"excerpt":{"rendered":"<p>El portavoz del Grupo Municipal Popular, V\u00edctor Soler, y el concejal Vicent Gregori han comparecido esta ma\u00f1ana en rueda de prensa para reiterar la necesidad de actualizar el Plan de Emergencias contra Inundaciones de Gandia, una petici\u00f3n que, seg\u00fan los populares, el alcalde Jos\u00e9 Manuel Prieto mantiene sin respuesta desde hace ocho meses. El Partido&#8230;<\/p>\n","protected":false},"author":1,"featured_media":7192,"comment_status":"open","ping_status":"open","sticky":false,"template":"","format":"standard","meta":{"footnotes":""},"categories":[1,3],"tags":[],"class_list":["post-7272","post","type-post","status-publish","format-standard","has-post-thumbnail","hentry","category-actualidad","category-politica"],"_links":{"self":[{"href":"https:\/\/infogandia.es\/index.php\/wp-json\/wp\/v2\/posts\/7272","targetHints":{"allow":["GET"]}}],"collection":[{"href":"https:\/\/infogandia.es\/index.php\/wp-json\/wp\/v2\/posts"}],"about":[{"href":"https:\/\/infogandia.es\/index.php\/wp-json\/wp\/v2\/types\/post"}],"author":[{"embeddable":true,"href":"https:\/\/infogandia.es\/index.php\/wp-json\/wp\/v2\/users\/1"}],"replies":[{"embeddable":true,"href":"https:\/\/infogandia.es\/index.php\/wp-json\/wp\/v2\/comments?post=7272"}],"version-history":[{"count":1,"href":"https:\/\/infogandia.es\/index.php\/wp-json\/wp\/v2\/posts\/7272\/revisions"}],"predecessor-version":[{"id":7273,"href":"https:\/\/infogandia.es\/index.php\/wp-json\/wp\/v2\/posts\/7272\/revisions\/7273"}],"wp:featuredmedia":[{"embeddable":true,"href":"https:\/\/infogandia.es\/index.php\/wp-json\/wp\/v2\/media\/7192"}],"wp:attachment":[{"href":"https:\/\/infogandia.es\/index.php\/wp-json\/wp\/v2\/media?parent=7272"}],"wp:term":[{"taxonomy":"category","embeddable":true,"href":"https:\/\/infogandia.es\/index.php\/wp-json\/wp\/v2\/categories?post=7272"},{"taxonomy":"post_tag","embeddable":true,"href":"https:\/\/infogandia.es\/index.php\/wp-json\/wp\/v2\/tags?post=7272"}],"curies":[{"name":"wp","href":"https:\/\/api.w.org\/{rel}","templated":true}]}}