{"id":7274,"date":"2025-10-17T12:18:11","date_gmt":"2025-10-17T12:18:11","guid":{"rendered":"https:\/\/infogandia.es\/?p=7274"},"modified":"2025-10-17T12:18:15","modified_gmt":"2025-10-17T12:18:15","slug":"gandia-presenta-la-vi-cursa-de-les-empreses-de-la-safor-esic-una-cita-que-une-deporte-trabajo-en-equipo-y-compromiso-social","status":"publish","type":"post","link":"https:\/\/infogandia.es\/index.php\/2025\/10\/17\/gandia-presenta-la-vi-cursa-de-les-empreses-de-la-safor-esic-una-cita-que-une-deporte-trabajo-en-equipo-y-compromiso-social\/","title":{"rendered":"Gandia presenta la VI Cursa de les Empreses de la Safor-ESIC, una cita que une deporte, trabajo en equipo y compromiso social"},"content":{"rendered":"\n<p>La <strong>VI Cursa de les Empreses de la Safor-ESIC<\/strong> se celebrar\u00e1 el <strong>16 de noviembre<\/strong>, consolid\u00e1ndose como una de las pruebas deportivas m\u00e1s emblem\u00e1ticas de la comarca, donde deporte, empresa y comunidad se dan la mano. El acto de presentaci\u00f3n tuvo lugar ayer por la tarde en <strong>Foment de Gandia<\/strong> y cont\u00f3 con la intervenci\u00f3n del <strong>alcalde de Gandia, Jos\u00e9 Manuel Prieto<\/strong>, as\u00ed como con la asistencia de representantes de empresas patrocinadoras, miembros de la corporaci\u00f3n municipal, clubes deportivos y asociaciones locales.<\/p>\n\n\n\n<p>Durante su intervenci\u00f3n, <strong>Prieto<\/strong> destac\u00f3 la relevancia social y econ\u00f3mica del evento:<\/p>\n\n\n\n<blockquote class=\"wp-block-quote is-layout-flow wp-block-quote-is-layout-flow\">\n<p>\u201cEste acontecimiento ejemplifica todo lo mejor de nuestra ciudad: clubes comprometidos socialmente, asociaciones y entidades que trabajan por el bienestar colectivo, y empresas responsables que fortalecen el tejido econ\u00f3mico de Gandia\u201d, afirm\u00f3.<\/p>\n<\/blockquote>\n\n\n\n<p>El alcalde record\u00f3 que esta iniciativa naci\u00f3 hace seis ediciones con el apoyo del <strong>Club d\u2019Atletisme Safor Teika<\/strong> y la <strong>Asociaci\u00f3n de Vecinos de Corea<\/strong>, y que desde entonces ha crecido de forma constante, convirti\u00e9ndose en un punto de encuentro entre empresas y ciudadan\u00eda.<\/p>\n\n\n\n<p>Prieto subray\u00f3 adem\u00e1s que la carrera no solo promueve la <strong>salud y la pr\u00e1ctica deportiva<\/strong>, sino que tambi\u00e9n <strong>fomenta las sinergias y refuerza el m\u00fasculo econ\u00f3mico local<\/strong>, al reunir a empresas y entidades comprometidas con la ciudad.<\/p>\n\n\n\n<p>Finalmente, el alcalde anim\u00f3 a la ciudadan\u00eda a participar en la jornada y disfrutar del ambiente:<\/p>\n\n\n\n<blockquote class=\"wp-block-quote is-layout-flow wp-block-quote-is-layout-flow\">\n<p>\u201cGracias a todas las empresas y entidades que hacen posible que nuestra carrera siga creciendo y que el deporte en Gandia contin\u00fae sumando ediciones y \u00e9xitos.\u201d<\/p>\n<\/blockquote>\n\n\n\n<p>La <strong>Cursa de les Empreses de la Safor-ESIC<\/strong> se ha consolidado como un evento que combina deporte, compa\u00f1erismo y compromiso con la ciudad, y que cada a\u00f1o atrae a m\u00e1s participantes y organizaciones de toda la comarca.<\/p>\n","protected":false},"excerpt":{"rendered":"<p>La VI Cursa de les Empreses de la Safor-ESIC se celebrar\u00e1 el 16 de noviembre, consolid\u00e1ndose como una de las pruebas deportivas m\u00e1s emblem\u00e1ticas de la comarca, donde deporte, empresa y comunidad se dan la mano. El acto de presentaci\u00f3n tuvo lugar ayer por la tarde en Foment de Gandia y cont\u00f3 con la intervenci\u00f3n&#8230;<\/p>\n","protected":false},"author":1,"featured_media":7275,"comment_status":"open","ping_status":"open","sticky":false,"template":"","format":"standard","meta":{"footnotes":""},"categories":[1,4],"tags":[],"class_list":["post-7274","post","type-post","status-publish","format-standard","has-post-thumbnail","hentry","category-actualidad","category-deporte"],"_links":{"self":[{"href":"https:\/\/infogandia.es\/index.php\/wp-json\/wp\/v2\/posts\/7274","targetHints":{"allow":["GET"]}}],"collection":[{"href":"https:\/\/infogandia.es\/index.php\/wp-json\/wp\/v2\/posts"}],"about":[{"href":"https:\/\/infogandia.es\/index.php\/wp-json\/wp\/v2\/types\/post"}],"author":[{"embeddable":true,"href":"https:\/\/infogandia.es\/index.php\/wp-json\/wp\/v2\/users\/1"}],"replies":[{"embeddable":true,"href":"https:\/\/infogandia.es\/index.php\/wp-json\/wp\/v2\/comments?post=7274"}],"version-history":[{"count":1,"href":"https:\/\/infogandia.es\/index.php\/wp-json\/wp\/v2\/posts\/7274\/revisions"}],"predecessor-version":[{"id":7276,"href":"https:\/\/infogandia.es\/index.php\/wp-json\/wp\/v2\/posts\/7274\/revisions\/7276"}],"wp:featuredmedia":[{"embeddable":true,"href":"https:\/\/infogandia.es\/index.php\/wp-json\/wp\/v2\/media\/7275"}],"wp:attachment":[{"href":"https:\/\/infogandia.es\/index.php\/wp-json\/wp\/v2\/media?parent=7274"}],"wp:term":[{"taxonomy":"category","embeddable":true,"href":"https:\/\/infogandia.es\/index.php\/wp-json\/wp\/v2\/categories?post=7274"},{"taxonomy":"post_tag","embeddable":true,"href":"https:\/\/infogandia.es\/index.php\/wp-json\/wp\/v2\/tags?post=7274"}],"curies":[{"name":"wp","href":"https:\/\/api.w.org\/{rel}","templated":true}]}}