{"id":7277,"date":"2025-10-17T12:19:39","date_gmt":"2025-10-17T12:19:39","guid":{"rendered":"https:\/\/infogandia.es\/?p=7277"},"modified":"2025-10-17T12:19:39","modified_gmt":"2025-10-17T12:19:39","slug":"nuevas-generaciones-del-pp-de-gandia-critica-la-celebracion-del-correllengua-y-rechaza-su-vinculacion-con-los-paisos-catalans","status":"publish","type":"post","link":"https:\/\/infogandia.es\/index.php\/2025\/10\/17\/nuevas-generaciones-del-pp-de-gandia-critica-la-celebracion-del-correllengua-y-rechaza-su-vinculacion-con-los-paisos-catalans\/","title":{"rendered":"Nuevas Generaciones del PP de Gandia critica la celebraci\u00f3n del Correllengua y rechaza su vinculaci\u00f3n con los \u201cPa\u00efsos Catalans\u201d"},"content":{"rendered":"\n<p>La organizaci\u00f3n juvenil <strong>Nuevas Generaciones del Partido Popular de Gandia (NNGG)<\/strong> ha mostrado su rechazo a la <strong>celebraci\u00f3n del Correllengua<\/strong>, que tendr\u00e1 lugar este s\u00e1bado en la ciudad, calificando el evento como \u201cuna muestra m\u00e1s de la deriva catalanista del PSPV-PSOE de Diana Morant y de los partidos nacionalistas\u201d.<\/p>\n\n\n\n<p>Seg\u00fan NNGG Gandia, el Correllengua \u2014campa\u00f1a anual que reivindica la defensa de la lengua catalana bajo el concepto de los llamados <em>Pa\u00efsos Catalans<\/em>\u2014 \u201cpretende someter a la sociedad valenciana al nacionalismo catal\u00e1n y atenta contra la identidad, lengua, cultura e historia del pueblo valenciano\u201d.<\/p>\n\n\n\n<p>El <strong>presidente de NNGG Gandia, Ra\u00fal Campos<\/strong>, ha manifestado que, pese a este tipo de actos, \u201cnuestra ciudad es y continuar\u00e1 siendo un referente hist\u00f3rico y cultural de la Comunitat Valenciana\u201d. Campos ha a\u00f1adido que \u201cni los ataques de un PSPV-PSOE que menosprecia nuestra lengua defendiendo la doble denominaci\u00f3n con el catal\u00e1n, ni la obsesi\u00f3n de los partidos nacionalistas con Catalu\u00f1a, financiando con los impuestos de todos eventos de este tipo, conseguir\u00e1n acabar con nuestra identidad valenciana\u201d.<\/p>\n\n\n\n<p>Desde la organizaci\u00f3n juvenil popular han recordado su apoyo a la <strong>Ley de Se\u00f1as de Identidad Valenciana<\/strong>, impulsada por el actual <strong>Consell de la Generalitat<\/strong>, y han reafirmado su compromiso con la defensa de la historia, cultura e identidad del pueblo valenciano.<\/p>\n\n\n\n<p>En palabras de NNGG Gandia, \u201caunque el PSPV y Comprom\u00eds pretendan que nos sintamos incluidos en el catal\u00e1n y que nos convirtamos en una sucursal de Catalu\u00f1a, no lograr\u00e1n acabar con lo que somos como pueblo: valencianos que hablan valenciano y que defienden su identidad\u201d.<\/p>\n\n\n\n<p>La organizaci\u00f3n concluye reafirmando su posici\u00f3n:<\/p>\n\n\n\n<blockquote class=\"wp-block-quote is-layout-flow wp-block-quote-is-layout-flow\">\n<p>\u201cNi fuimos, ni somos, ni seremos nunca Pa\u00efsos Catalans. No somos nada que no sea Comunitat Valenciana.\u201d<\/p>\n<\/blockquote>\n","protected":false},"excerpt":{"rendered":"<p>La organizaci\u00f3n juvenil Nuevas Generaciones del Partido Popular de Gandia (NNGG) ha mostrado su rechazo a la celebraci\u00f3n del Correllengua, que tendr\u00e1 lugar este s\u00e1bado en la ciudad, calificando el evento como \u201cuna muestra m\u00e1s de la deriva catalanista del PSPV-PSOE de Diana Morant y de los partidos nacionalistas\u201d. Seg\u00fan NNGG Gandia, el Correllengua \u2014campa\u00f1a&#8230;<\/p>\n","protected":false},"author":1,"featured_media":7278,"comment_status":"open","ping_status":"open","sticky":false,"template":"","format":"standard","meta":{"footnotes":""},"categories":[1,3],"tags":[],"class_list":["post-7277","post","type-post","status-publish","format-standard","has-post-thumbnail","hentry","category-actualidad","category-politica"],"_links":{"self":[{"href":"https:\/\/infogandia.es\/index.php\/wp-json\/wp\/v2\/posts\/7277","targetHints":{"allow":["GET"]}}],"collection":[{"href":"https:\/\/infogandia.es\/index.php\/wp-json\/wp\/v2\/posts"}],"about":[{"href":"https:\/\/infogandia.es\/index.php\/wp-json\/wp\/v2\/types\/post"}],"author":[{"embeddable":true,"href":"https:\/\/infogandia.es\/index.php\/wp-json\/wp\/v2\/users\/1"}],"replies":[{"embeddable":true,"href":"https:\/\/infogandia.es\/index.php\/wp-json\/wp\/v2\/comments?post=7277"}],"version-history":[{"count":1,"href":"https:\/\/infogandia.es\/index.php\/wp-json\/wp\/v2\/posts\/7277\/revisions"}],"predecessor-version":[{"id":7279,"href":"https:\/\/infogandia.es\/index.php\/wp-json\/wp\/v2\/posts\/7277\/revisions\/7279"}],"wp:featuredmedia":[{"embeddable":true,"href":"https:\/\/infogandia.es\/index.php\/wp-json\/wp\/v2\/media\/7278"}],"wp:attachment":[{"href":"https:\/\/infogandia.es\/index.php\/wp-json\/wp\/v2\/media?parent=7277"}],"wp:term":[{"taxonomy":"category","embeddable":true,"href":"https:\/\/infogandia.es\/index.php\/wp-json\/wp\/v2\/categories?post=7277"},{"taxonomy":"post_tag","embeddable":true,"href":"https:\/\/infogandia.es\/index.php\/wp-json\/wp\/v2\/tags?post=7277"}],"curies":[{"name":"wp","href":"https:\/\/api.w.org\/{rel}","templated":true}]}}