{"id":7280,"date":"2025-10-17T12:20:07","date_gmt":"2025-10-17T12:20:07","guid":{"rendered":"https:\/\/infogandia.es\/?p=7280"},"modified":"2025-10-17T12:20:24","modified_gmt":"2025-10-17T12:20:24","slug":"gandia-conmemora-el-dia-mundial-del-cancer-de-mama-con-un-acto-institucional-en-la-fachada-del-ayuntamiento","status":"publish","type":"post","link":"https:\/\/infogandia.es\/index.php\/2025\/10\/17\/gandia-conmemora-el-dia-mundial-del-cancer-de-mama-con-un-acto-institucional-en-la-fachada-del-ayuntamiento\/","title":{"rendered":"Gandia conmemora el D\u00eda Mundial del C\u00e1ncer de Mama con un acto institucional en la fachada del Ayuntamiento"},"content":{"rendered":"\n<p>El Ayuntamiento de Gandia ha conmemorado esta ma\u00f1ana el <strong>D\u00eda Mundial del C\u00e1ncer de Mama<\/strong> con un acto institucional que ha incluido la <strong>lectura del manifiesto<\/strong> y la <strong>colocaci\u00f3n de una pancarta conmemorativa<\/strong> en la fachada del consistorio.<\/p>\n\n\n\n<p>La lectura del manifiesto ha corrido a cargo de <strong>Graciela Boix<\/strong>, secretaria de la <strong>Asociaci\u00f3n Espa\u00f1ola Contra el C\u00e1ncer (AECC) en Gandia<\/strong>, quien ha subrayado la importancia de <strong>sensibilizar y concienciar a la sociedad<\/strong> sobre esta enfermedad y de <strong>mostrar apoyo a las personas que la padecen y a sus familias<\/strong>.<\/p>\n\n\n\n<p>El manifiesto de este a\u00f1o ha puesto el acento en la <strong>realidad emocional y f\u00edsica<\/strong> de las pacientes que conviven con el c\u00e1ncer de mama, reivindicando la necesidad de <strong>darles voz, escucharlas y reconocer sus necesidades<\/strong>. Adem\u00e1s, se ha hecho hincapi\u00e9 en la llamada \u201c<strong>cara oculta de la enfermedad<\/strong>\u201d, que abarca las secuelas f\u00edsicas, emocionales y sociales que permanecen m\u00e1s all\u00e1 del diagn\u00f3stico y los tratamientos, y en la importancia del <strong>apoyo familiar, social y laboral<\/strong> durante el proceso de recuperaci\u00f3n.<\/p>\n\n\n\n<p>Con este acto, Gandia se suma a la jornada de visibilizaci\u00f3n y solidaridad con las mujeres afectadas por el c\u00e1ncer de mama, reafirmando el compromiso institucional y ciudadano con la <strong>prevenci\u00f3n, la investigaci\u00f3n y la atenci\u00f3n integral<\/strong> frente a esta enfermedad.<\/p>\n","protected":false},"excerpt":{"rendered":"<p>El Ayuntamiento de Gandia ha conmemorado esta ma\u00f1ana el D\u00eda Mundial del C\u00e1ncer de Mama con un acto institucional que ha incluido la lectura del manifiesto y la colocaci\u00f3n de una pancarta conmemorativa en la fachada del consistorio. La lectura del manifiesto ha corrido a cargo de Graciela Boix, secretaria de la Asociaci\u00f3n Espa\u00f1ola Contra&#8230;<\/p>\n","protected":false},"author":1,"featured_media":7281,"comment_status":"open","ping_status":"open","sticky":false,"template":"","format":"standard","meta":{"footnotes":""},"categories":[1,27],"tags":[],"class_list":["post-7280","post","type-post","status-publish","format-standard","has-post-thumbnail","hentry","category-actualidad","category-sociedad"],"_links":{"self":[{"href":"https:\/\/infogandia.es\/index.php\/wp-json\/wp\/v2\/posts\/7280","targetHints":{"allow":["GET"]}}],"collection":[{"href":"https:\/\/infogandia.es\/index.php\/wp-json\/wp\/v2\/posts"}],"about":[{"href":"https:\/\/infogandia.es\/index.php\/wp-json\/wp\/v2\/types\/post"}],"author":[{"embeddable":true,"href":"https:\/\/infogandia.es\/index.php\/wp-json\/wp\/v2\/users\/1"}],"replies":[{"embeddable":true,"href":"https:\/\/infogandia.es\/index.php\/wp-json\/wp\/v2\/comments?post=7280"}],"version-history":[{"count":1,"href":"https:\/\/infogandia.es\/index.php\/wp-json\/wp\/v2\/posts\/7280\/revisions"}],"predecessor-version":[{"id":7282,"href":"https:\/\/infogandia.es\/index.php\/wp-json\/wp\/v2\/posts\/7280\/revisions\/7282"}],"wp:featuredmedia":[{"embeddable":true,"href":"https:\/\/infogandia.es\/index.php\/wp-json\/wp\/v2\/media\/7281"}],"wp:attachment":[{"href":"https:\/\/infogandia.es\/index.php\/wp-json\/wp\/v2\/media?parent=7280"}],"wp:term":[{"taxonomy":"category","embeddable":true,"href":"https:\/\/infogandia.es\/index.php\/wp-json\/wp\/v2\/categories?post=7280"},{"taxonomy":"post_tag","embeddable":true,"href":"https:\/\/infogandia.es\/index.php\/wp-json\/wp\/v2\/tags?post=7280"}],"curies":[{"name":"wp","href":"https:\/\/api.w.org\/{rel}","templated":true}]}}