{"id":7286,"date":"2025-10-20T16:11:01","date_gmt":"2025-10-20T16:11:01","guid":{"rendered":"https:\/\/infogandia.es\/?p=7286"},"modified":"2025-10-20T16:11:01","modified_gmt":"2025-10-20T16:11:01","slug":"gandia-organiza-tres-charlas-sobre-salud-tecnologia-y-habitos-entre-la-juventud-dentro-del-programa-activa-jove-tardor","status":"publish","type":"post","link":"https:\/\/infogandia.es\/index.php\/2025\/10\/20\/gandia-organiza-tres-charlas-sobre-salud-tecnologia-y-habitos-entre-la-juventud-dentro-del-programa-activa-jove-tardor\/","title":{"rendered":"Gandia organiza tres charlas sobre salud, tecnolog\u00eda y h\u00e1bitos entre la juventud dentro del programa \u2018Activa Jove Tardor\u2019"},"content":{"rendered":"\n<p>La concejala de Juventud, Inma Rodr\u00edguez, acompa\u00f1ada por el t\u00e9cnico del departamento Adri\u00e1n Juste, ha presentado este lunes en rueda de prensa el ciclo de charlas que se impartir\u00e1n dentro de la programaci\u00f3n <strong>\u2018Activa Jove Tardor\u2019<\/strong>, con el objetivo de ofrecer informaci\u00f3n y herramientas \u00fatiles ante problem\u00e1ticas actuales que afectan a la juventud.<\/p>\n\n\n\n<p>La primera sesi\u00f3n se celebrar\u00e1 el <strong>viernes 24 de octubre, a las 18:00 h, en la Casa de la Marquesa (sala B)<\/strong>, a cargo del dermat\u00f3logo <strong>Dr. Andr\u00e9s Casanova<\/strong>, y abordar\u00e1 el abuso del \u201cskincare\u201d entre los j\u00f3venes, haciendo hincapi\u00e9 en la importancia de contar con informaci\u00f3n verificada sobre los cuidados de la piel.<\/p>\n\n\n\n<p>El ciclo continuar\u00e1 el <strong>viernes 7 de noviembre, a las 18:00 h, en la Alqueria Laborde<\/strong>, con la charla <strong>\u201cRedes sociales: \u00bfconectados o atrapados?\u201d<\/strong>, en la que las psic\u00f3logas <strong>S\u00f2nia Garc\u00eda y Paula Escriv\u00e0<\/strong> (Servicio P\u00fablico de Atenci\u00f3n Psicol\u00f3gica Parlem) ofrecer\u00e1n criterios y herramientas para comprender el impacto de las redes sociales en la salud mental, la atenci\u00f3n y las relaciones interpersonales.<\/p>\n\n\n\n<p>Finalmente, el <strong>jueves 13 de noviembre, a las 17:30 h, en la Casa de la Marquesa (sala B)<\/strong>, se impartir\u00e1 la charla <strong>\u201cNutrici\u00f3n y deporte: l\u00edmites saludables\u201d<\/strong>, a cargo de la psic\u00f3loga <strong>Iris Malonda<\/strong> y la nutricionista <strong>Marianela Fern\u00e1ndez<\/strong>. La sesi\u00f3n se centrar\u00e1 en el culto al cuerpo, la detecci\u00f3n de se\u00f1ales de alerta y la l\u00ednea entre h\u00e1bitos saludables y conductas de riesgo, como la vigorexia o los trastornos de la conducta alimentaria.<\/p>\n\n\n\n<p>Todas las sesiones son de <strong>acceso libre y gratuito<\/strong>, con un turno abierto de preguntas al final. Aunque est\u00e1n especialmente dirigidas al p\u00fablico joven, se encuentran abiertas a toda la ciudadan\u00eda, especialmente a familias interesadas en adquirir criterios y recursos ante estas situaciones.<\/p>\n\n\n\n<p>Adem\u00e1s, desde la Concejal\u00eda de Juventud se ha recordado que la programaci\u00f3n <strong>\u2018Activa Jove Tardor\u2019<\/strong> incluye otros talleres y actividades que comienzan el <strong>24 de octubre<\/strong>, como risoterapia, tecnolog\u00eda y juventud, talleres de pintura, emprendimiento juvenil o prevenci\u00f3n frente a la pornograf\u00eda, entre otras propuestas.<\/p>\n\n\n\n<p>La informaci\u00f3n completa puede consultarse en <strong>activa.gandia.org<\/strong> y en las redes sociales de <strong>Juventud Gandia<\/strong>.<\/p>\n","protected":false},"excerpt":{"rendered":"<p>La concejala de Juventud, Inma Rodr\u00edguez, acompa\u00f1ada por el t\u00e9cnico del departamento Adri\u00e1n Juste, ha presentado este lunes en rueda de prensa el ciclo de charlas que se impartir\u00e1n dentro de la programaci\u00f3n \u2018Activa Jove Tardor\u2019, con el objetivo de ofrecer informaci\u00f3n y herramientas \u00fatiles ante problem\u00e1ticas actuales que afectan a la juventud. La primera&#8230;<\/p>\n","protected":false},"author":1,"featured_media":7287,"comment_status":"open","ping_status":"open","sticky":false,"template":"","format":"standard","meta":{"footnotes":""},"categories":[1,27],"tags":[],"class_list":["post-7286","post","type-post","status-publish","format-standard","has-post-thumbnail","hentry","category-actualidad","category-sociedad"],"_links":{"self":[{"href":"https:\/\/infogandia.es\/index.php\/wp-json\/wp\/v2\/posts\/7286","targetHints":{"allow":["GET"]}}],"collection":[{"href":"https:\/\/infogandia.es\/index.php\/wp-json\/wp\/v2\/posts"}],"about":[{"href":"https:\/\/infogandia.es\/index.php\/wp-json\/wp\/v2\/types\/post"}],"author":[{"embeddable":true,"href":"https:\/\/infogandia.es\/index.php\/wp-json\/wp\/v2\/users\/1"}],"replies":[{"embeddable":true,"href":"https:\/\/infogandia.es\/index.php\/wp-json\/wp\/v2\/comments?post=7286"}],"version-history":[{"count":1,"href":"https:\/\/infogandia.es\/index.php\/wp-json\/wp\/v2\/posts\/7286\/revisions"}],"predecessor-version":[{"id":7289,"href":"https:\/\/infogandia.es\/index.php\/wp-json\/wp\/v2\/posts\/7286\/revisions\/7289"}],"wp:featuredmedia":[{"embeddable":true,"href":"https:\/\/infogandia.es\/index.php\/wp-json\/wp\/v2\/media\/7287"}],"wp:attachment":[{"href":"https:\/\/infogandia.es\/index.php\/wp-json\/wp\/v2\/media?parent=7286"}],"wp:term":[{"taxonomy":"category","embeddable":true,"href":"https:\/\/infogandia.es\/index.php\/wp-json\/wp\/v2\/categories?post=7286"},{"taxonomy":"post_tag","embeddable":true,"href":"https:\/\/infogandia.es\/index.php\/wp-json\/wp\/v2\/tags?post=7286"}],"curies":[{"name":"wp","href":"https:\/\/api.w.org\/{rel}","templated":true}]}}