{"id":7290,"date":"2025-10-20T16:11:25","date_gmt":"2025-10-20T16:11:25","guid":{"rendered":"https:\/\/infogandia.es\/?p=7290"},"modified":"2025-10-20T16:11:25","modified_gmt":"2025-10-20T16:11:25","slug":"el-grau-de-gandia-acoge-este-fin-de-semana-la-fira-de-motor-de-ocasion-con-mas-de-300-vehiculos","status":"publish","type":"post","link":"https:\/\/infogandia.es\/index.php\/2025\/10\/20\/el-grau-de-gandia-acoge-este-fin-de-semana-la-fira-de-motor-de-ocasion-con-mas-de-300-vehiculos\/","title":{"rendered":"El Grau de Gandia acoge este fin de semana la Fira de Motor de Ocasi\u00f3n con m\u00e1s de 300 veh\u00edculos"},"content":{"rendered":"\n<p><\/p>\n\n\n\n<p>La Concejal\u00eda de Comercio ha presentado hoy la nueva edici\u00f3n de la <strong>Fira de Motor de Ocasi\u00f3n<\/strong>, que se celebrar\u00e1 este fin de semana \u2014<strong>24, 25 y 26 de octubre<\/strong>\u2014 en el Grau de Gandia, en horario de <strong>10:00 a 20:00 horas<\/strong>, y hasta las 14:00 horas el domingo. El viernes, la feria abrir\u00e1 sus puertas a partir de las 17:00 horas.<\/p>\n\n\n\n<p>La concejala de Comercio, <strong>Elena Moncho<\/strong>, ha se\u00f1alado que el evento se consolida en el Grau tras el \u00e9xito de la pasada edici\u00f3n. Debido a las obras en la zona, el recorrido habitual se adapta de manera excepcional: la feria se situar\u00e1 desde la <strong>Plaza del Garb\u00ed y la Avenida de la Paz<\/strong> hasta el <strong>parking detr\u00e1s de la iglesia del puerto<\/strong>, y se prev\u00e9 recuperar el trazado habitual en 2026.<\/p>\n\n\n\n<p>Moncho ha animado a la ciudadan\u00eda a visitar la feria \u201cporque realmente merece la pena; los veh\u00edculos que se presentan incluyen coches de ocasi\u00f3n, kil\u00f3metro cero y de gerencia, con condiciones muy competitivas\u201d.<\/p>\n\n\n\n<p>El evento contar\u00e1 con la participaci\u00f3n de <strong>diez concesionarios de la comarca<\/strong>, que exhibir\u00e1n m\u00e1s de <strong>300 veh\u00edculos<\/strong> de todas las marcas, desde coches seminuevos hasta modelos con varios a\u00f1os, incluyendo <strong>h\u00edbridos y el\u00e9ctricos<\/strong>.<\/p>\n\n\n\n<p>Por su parte, el CEO de <strong>Moll Motor<\/strong>, <strong>Javi Moll<\/strong>, ha destacado que el objetivo es \u201cconsolidar en el Grau un modelo de feria urbana como el de Gandia, donde el visitante pueda disfrutar del fin de semana, del comercio y la hosteler\u00eda, y adem\u00e1s encontrar ofertas reales en veh\u00edculos de ocasi\u00f3n\u201d. Moll subray\u00f3 que los concesionarios ofrecer\u00e1n <strong>condiciones exclusivas durante el evento<\/strong>.<\/p>\n\n\n\n<p>Asimismo, la gerente de <strong>Peum\u00f3vil<\/strong>, <strong>Mar\u00eda Fern\u00e1ndez<\/strong>, ha agradecido el apoyo del Ayuntamiento y ha resaltado \u201clas sinergias que genera la feria tanto para los concesionarios como para el tejido comercial y hostelero del Grau\u201d. Fern\u00e1ndez indic\u00f3 que habr\u00e1 <strong>ofertas exclusivas en financiaci\u00f3n y descuentos especiales<\/strong> para facilitar la compra durante la feria.<\/p>\n\n\n\n<p>La <strong>Fira de Motor de Ocasi\u00f3n<\/strong> se consolida as\u00ed como una cita estrat\u00e9gica para el sector y la econom\u00eda local, atrayendo visitantes de toda la comarca y de otras provincias, y ofreciendo al consumidor una oportunidad \u00fanica de adquirir veh\u00edculos en condiciones ventajosas.<\/p>\n","protected":false},"excerpt":{"rendered":"<p>La Concejal\u00eda de Comercio ha presentado hoy la nueva edici\u00f3n de la Fira de Motor de Ocasi\u00f3n, que se celebrar\u00e1 este fin de semana \u201424, 25 y 26 de octubre\u2014 en el Grau de Gandia, en horario de 10:00 a 20:00 horas, y hasta las 14:00 horas el domingo. El viernes, la feria abrir\u00e1 sus&#8230;<\/p>\n","protected":false},"author":1,"featured_media":7288,"comment_status":"open","ping_status":"open","sticky":false,"template":"","format":"standard","meta":{"footnotes":""},"categories":[1,27],"tags":[],"class_list":["post-7290","post","type-post","status-publish","format-standard","has-post-thumbnail","hentry","category-actualidad","category-sociedad"],"_links":{"self":[{"href":"https:\/\/infogandia.es\/index.php\/wp-json\/wp\/v2\/posts\/7290","targetHints":{"allow":["GET"]}}],"collection":[{"href":"https:\/\/infogandia.es\/index.php\/wp-json\/wp\/v2\/posts"}],"about":[{"href":"https:\/\/infogandia.es\/index.php\/wp-json\/wp\/v2\/types\/post"}],"author":[{"embeddable":true,"href":"https:\/\/infogandia.es\/index.php\/wp-json\/wp\/v2\/users\/1"}],"replies":[{"embeddable":true,"href":"https:\/\/infogandia.es\/index.php\/wp-json\/wp\/v2\/comments?post=7290"}],"version-history":[{"count":1,"href":"https:\/\/infogandia.es\/index.php\/wp-json\/wp\/v2\/posts\/7290\/revisions"}],"predecessor-version":[{"id":7291,"href":"https:\/\/infogandia.es\/index.php\/wp-json\/wp\/v2\/posts\/7290\/revisions\/7291"}],"wp:featuredmedia":[{"embeddable":true,"href":"https:\/\/infogandia.es\/index.php\/wp-json\/wp\/v2\/media\/7288"}],"wp:attachment":[{"href":"https:\/\/infogandia.es\/index.php\/wp-json\/wp\/v2\/media?parent=7290"}],"wp:term":[{"taxonomy":"category","embeddable":true,"href":"https:\/\/infogandia.es\/index.php\/wp-json\/wp\/v2\/categories?post=7290"},{"taxonomy":"post_tag","embeddable":true,"href":"https:\/\/infogandia.es\/index.php\/wp-json\/wp\/v2\/tags?post=7290"}],"curies":[{"name":"wp","href":"https:\/\/api.w.org\/{rel}","templated":true}]}}