{"id":7292,"date":"2025-10-20T16:12:12","date_gmt":"2025-10-20T16:12:12","guid":{"rendered":"https:\/\/infogandia.es\/?p=7292"},"modified":"2025-10-20T16:12:13","modified_gmt":"2025-10-20T16:12:13","slug":"la-casa-de-la-marquesa-acoge-la-xxx-edicion-del-festival-de-musica-confrare","status":"publish","type":"post","link":"https:\/\/infogandia.es\/index.php\/2025\/10\/20\/la-casa-de-la-marquesa-acoge-la-xxx-edicion-del-festival-de-musica-confrare\/","title":{"rendered":"La Casa de la Marquesa acoge la XXX edici\u00f3n del Festival de M\u00fasica ConfrarE"},"content":{"rendered":"\n<p>El pasado s\u00e1bado se celebr\u00f3 la <strong>XXX edici\u00f3n del Festival de M\u00fasica ConfrarE<\/strong>, un encuentro de bandas de tambores, gaitas y corneta organizado por la <strong>Junta Mayor de Hermandades de la Semana Santa de Gandia<\/strong> en la <strong>Casa de la Marquesa<\/strong>.<\/p>\n\n\n\n<p>En esta edici\u00f3n participaron la <strong>Banda de Cornetas y Tambores de Nuestro Padre Jes\u00fas de Medinaceli de Elda<\/strong>, la <strong>Banda de Cornetas y Tambores del Sant\u00edsimo Cristo de los Necesitados de Aldaia<\/strong>, la <strong>Banda de CCTT Clau de Sol de Manises<\/strong>, el <strong>AM Sant Sepulcre del Raval de Gandia<\/strong> y la <strong>Banda de la Mare de D\u00e9u Blanqueta del Grau de Gandia<\/strong>.<\/p>\n\n\n\n<figure class=\"wp-block-image size-large\"><img fetchpriority=\"high\" decoding=\"async\" width=\"1024\" height=\"714\" src=\"http:\/\/infogandia.es\/wp-content\/uploads\/2025\/10\/AO_8093-copia-1024x714.jpg\" alt=\"\" class=\"wp-image-7293\" srcset=\"https:\/\/infogandia.es\/wp-content\/uploads\/2025\/10\/AO_8093-copia-1024x714.jpg 1024w, https:\/\/infogandia.es\/wp-content\/uploads\/2025\/10\/AO_8093-copia-300x209.jpg 300w, https:\/\/infogandia.es\/wp-content\/uploads\/2025\/10\/AO_8093-copia-768x535.jpg 768w, https:\/\/infogandia.es\/wp-content\/uploads\/2025\/10\/AO_8093-copia-1536x1071.jpg 1536w, https:\/\/infogandia.es\/wp-content\/uploads\/2025\/10\/AO_8093-copia.jpg 1772w\" sizes=\"(max-width: 1024px) 100vw, 1024px\" \/><\/figure>\n\n\n\n<p>Al acto asistieron el <strong>alcalde de Gandia, Jos\u00e9 Manuel Prieto<\/strong>, el <strong>concejal de Semana Santa, Miguel \u00c1ngel Picornell<\/strong>, as\u00ed como otros miembros de la corporaci\u00f3n municipal y representantes de la Semana Santa de Gandia, encabezados por su presidente, <strong>Emili Ripoll<\/strong>, y la <strong>Padrina de este a\u00f1o, Paula Cabanilles<\/strong>.<\/p>\n","protected":false},"excerpt":{"rendered":"<p>El pasado s\u00e1bado se celebr\u00f3 la XXX edici\u00f3n del Festival de M\u00fasica ConfrarE, un encuentro de bandas de tambores, gaitas y corneta organizado por la Junta Mayor de Hermandades de la Semana Santa de Gandia en la Casa de la Marquesa. En esta edici\u00f3n participaron la Banda de Cornetas y Tambores de Nuestro Padre Jes\u00fas&#8230;<\/p>\n","protected":false},"author":1,"featured_media":7294,"comment_status":"open","ping_status":"open","sticky":false,"template":"","format":"standard","meta":{"footnotes":""},"categories":[1],"tags":[],"class_list":["post-7292","post","type-post","status-publish","format-standard","has-post-thumbnail","hentry","category-actualidad"],"_links":{"self":[{"href":"https:\/\/infogandia.es\/index.php\/wp-json\/wp\/v2\/posts\/7292","targetHints":{"allow":["GET"]}}],"collection":[{"href":"https:\/\/infogandia.es\/index.php\/wp-json\/wp\/v2\/posts"}],"about":[{"href":"https:\/\/infogandia.es\/index.php\/wp-json\/wp\/v2\/types\/post"}],"author":[{"embeddable":true,"href":"https:\/\/infogandia.es\/index.php\/wp-json\/wp\/v2\/users\/1"}],"replies":[{"embeddable":true,"href":"https:\/\/infogandia.es\/index.php\/wp-json\/wp\/v2\/comments?post=7292"}],"version-history":[{"count":1,"href":"https:\/\/infogandia.es\/index.php\/wp-json\/wp\/v2\/posts\/7292\/revisions"}],"predecessor-version":[{"id":7295,"href":"https:\/\/infogandia.es\/index.php\/wp-json\/wp\/v2\/posts\/7292\/revisions\/7295"}],"wp:featuredmedia":[{"embeddable":true,"href":"https:\/\/infogandia.es\/index.php\/wp-json\/wp\/v2\/media\/7294"}],"wp:attachment":[{"href":"https:\/\/infogandia.es\/index.php\/wp-json\/wp\/v2\/media?parent=7292"}],"wp:term":[{"taxonomy":"category","embeddable":true,"href":"https:\/\/infogandia.es\/index.php\/wp-json\/wp\/v2\/categories?post=7292"},{"taxonomy":"post_tag","embeddable":true,"href":"https:\/\/infogandia.es\/index.php\/wp-json\/wp\/v2\/tags?post=7292"}],"curies":[{"name":"wp","href":"https:\/\/api.w.org\/{rel}","templated":true}]}}