{"id":7302,"date":"2025-10-21T10:36:34","date_gmt":"2025-10-21T10:36:34","guid":{"rendered":"https:\/\/infogandia.es\/?p=7302"},"modified":"2025-10-21T10:36:34","modified_gmt":"2025-10-21T10:36:34","slug":"la-xxi-edicion-del-festival-internacional-de-cortometrajes-de-animacion-cortoons-gandia-se-celebra-del-23-al-26-de-octubre","status":"publish","type":"post","link":"https:\/\/infogandia.es\/index.php\/2025\/10\/21\/la-xxi-edicion-del-festival-internacional-de-cortometrajes-de-animacion-cortoons-gandia-se-celebra-del-23-al-26-de-octubre\/","title":{"rendered":"La XXI edici\u00f3n del Festival Internacional de Cortometrajes de Animaci\u00f3n Cortoons Gandia se celebra del 23 al 26 de octubre"},"content":{"rendered":"\n<p>La <strong>XXI edici\u00f3n del Festival Internacional de Cortometrajes de Animaci\u00f3n Cortoons Gandia<\/strong> se celebrar\u00e1 del <strong>23 al 26 de octubre<\/strong> en el <strong>Teatre Serrano<\/strong>, con una jornada especial el <strong>24 de octubre en el Campus de Gandia de la UPV<\/strong>. Este a\u00f1o, el festival ha recibido cerca de <strong>3.000 cortometrajes<\/strong> procedentes de <strong>110 pa\u00edses<\/strong>, consolid\u00e1ndose como un referente internacional en el mundo de la animaci\u00f3n.<\/p>\n\n\n\n<p>Organizado por <strong>Alessandro D\u2019Urso<\/strong> y con el patrocinio del <strong>Ayuntamiento de Gandia<\/strong>, el <strong>Institut Valenci\u00e0 de Cultura<\/strong> y el <strong>Campus de Gandia de la UPV<\/strong>, Cortoons reunir\u00e1 a artistas de todo el mundo, incluidos animadores, directores de cine y creadores digitales.<\/p>\n\n\n\n<p>La concejala de Cultura, <strong>Balbina Sendra<\/strong>, destac\u00f3 el crecimiento del festival: \u201cM\u00e1s de 2.700 cortometrajes de 110 pa\u00edses hacen de Cortoons un referente internacional que nadie puede dejar pasar. Los siete cortometrajes ganadores provendr\u00e1n de distintos pa\u00edses europeos, prestando especial atenci\u00f3n a las producciones espa\u00f1olas y valencianas\u201d.<\/p>\n\n\n\n<p>Entre los invitados especiales de este a\u00f1o se encuentra el <strong>maestro del dibujo Paco Roca<\/strong>, que ofrecer\u00e1 un encuentro con el p\u00fablico y sesi\u00f3n de firmas el <strong>24 de octubre<\/strong>. Asimismo, <strong>Hermoti<\/strong>, estrella de los doblajes divertidos, e <strong>Isatxa Meng\u00edbar<\/strong>, voz de personajes como Lisa Simpson, Jinx de <em>Arcane<\/em> y Pippi Calzaslargas, participar\u00e1n en un espect\u00e1culo de doblaje el <strong>25 de octubre<\/strong>, acompa\u00f1ado de sesiones de firmas y fotos.<\/p>\n\n\n\n<p>El director del festival, <strong>Alessandro D\u2019Urso<\/strong>, explic\u00f3 que la programaci\u00f3n incluir\u00e1 <strong>tres d\u00edas de invitados estrella y proyecciones de cortometrajes<\/strong>, adem\u00e1s de largometrajes fuera de concurso como <em>Flow<\/em>, <em>El Chico y la Garza<\/em> y <em>Memorias de un Caracol<\/em>. La <strong>Sala B del Teatre Serrano<\/strong> estar\u00e1 dedicada al TCG, con torneos y actividades para todas las edades.<\/p>\n\n\n\n<p>Cortoons tambi\u00e9n ofrecer\u00e1 <strong>retrospectivas sobre Jan \u0160vankmajer, Blu, Wallace &amp; Gromit y Walt Disney<\/strong>, un <strong>taller de origami para familias<\/strong> y una <strong>marat\u00f3n de animaci\u00f3n de Walt Disney<\/strong>. El festival culminar\u00e1 el <strong>s\u00e1bado 26<\/strong> con la <strong>gala de entrega de premios<\/strong>, donde los ganadores recibir\u00e1n el ic\u00f3nico <strong>T\u00edo de la Porra<\/strong>, dise\u00f1ado por el artesano David Mart\u00ednez.<\/p>\n\n\n\n<p>Por su parte, <strong>Marc Oliva<\/strong>, responsable de comunicaci\u00f3n de <strong>Moll Motor<\/strong>, patrocinador del festival, destac\u00f3 que \u201cel Cortoons Festival es una oportunidad de oro para el ocio alternativo y para potenciar la creatividad de los j\u00f3venes. Estamos orgullosos de apoyar un evento que proyecta Gandia internacionalmente y fomenta la cultura en nuestra sociedad\u201d.<\/p>\n\n\n\n<p>Las <strong>entradas para Cortoons Gandia 2025<\/strong> pueden adquirirse en l\u00ednea en <strong><a href=\"http:\/\/www.cortoons.es\">www.cortoons.es<\/a><\/strong>, en la caseta Cortoons del Passeig de Gandia y en el Teatre Serrano durante los d\u00edas del festival.<\/p>\n","protected":false},"excerpt":{"rendered":"<p>La XXI edici\u00f3n del Festival Internacional de Cortometrajes de Animaci\u00f3n Cortoons Gandia se celebrar\u00e1 del 23 al 26 de octubre en el Teatre Serrano, con una jornada especial el 24 de octubre en el Campus de Gandia de la UPV. Este a\u00f1o, el festival ha recibido cerca de 3.000 cortometrajes procedentes de 110 pa\u00edses, consolid\u00e1ndose&#8230;<\/p>\n","protected":false},"author":1,"featured_media":7303,"comment_status":"open","ping_status":"open","sticky":false,"template":"","format":"standard","meta":{"footnotes":""},"categories":[1],"tags":[],"class_list":["post-7302","post","type-post","status-publish","format-standard","has-post-thumbnail","hentry","category-actualidad"],"_links":{"self":[{"href":"https:\/\/infogandia.es\/index.php\/wp-json\/wp\/v2\/posts\/7302","targetHints":{"allow":["GET"]}}],"collection":[{"href":"https:\/\/infogandia.es\/index.php\/wp-json\/wp\/v2\/posts"}],"about":[{"href":"https:\/\/infogandia.es\/index.php\/wp-json\/wp\/v2\/types\/post"}],"author":[{"embeddable":true,"href":"https:\/\/infogandia.es\/index.php\/wp-json\/wp\/v2\/users\/1"}],"replies":[{"embeddable":true,"href":"https:\/\/infogandia.es\/index.php\/wp-json\/wp\/v2\/comments?post=7302"}],"version-history":[{"count":1,"href":"https:\/\/infogandia.es\/index.php\/wp-json\/wp\/v2\/posts\/7302\/revisions"}],"predecessor-version":[{"id":7304,"href":"https:\/\/infogandia.es\/index.php\/wp-json\/wp\/v2\/posts\/7302\/revisions\/7304"}],"wp:featuredmedia":[{"embeddable":true,"href":"https:\/\/infogandia.es\/index.php\/wp-json\/wp\/v2\/media\/7303"}],"wp:attachment":[{"href":"https:\/\/infogandia.es\/index.php\/wp-json\/wp\/v2\/media?parent=7302"}],"wp:term":[{"taxonomy":"category","embeddable":true,"href":"https:\/\/infogandia.es\/index.php\/wp-json\/wp\/v2\/categories?post=7302"},{"taxonomy":"post_tag","embeddable":true,"href":"https:\/\/infogandia.es\/index.php\/wp-json\/wp\/v2\/tags?post=7302"}],"curies":[{"name":"wp","href":"https:\/\/api.w.org\/{rel}","templated":true}]}}