{"id":7305,"date":"2025-10-21T10:42:26","date_gmt":"2025-10-21T10:42:26","guid":{"rendered":"https:\/\/infogandia.es\/?p=7305"},"modified":"2025-10-21T10:42:27","modified_gmt":"2025-10-21T10:42:27","slug":"gandia-acoge-por-primera-vez-la-encuentro-de-familias-y-la-i-jornada-cientifica-sobre-el-sindrome-de-wolfram","status":"publish","type":"post","link":"https:\/\/infogandia.es\/index.php\/2025\/10\/21\/gandia-acoge-por-primera-vez-la-encuentro-de-familias-y-la-i-jornada-cientifica-sobre-el-sindrome-de-wolfram\/","title":{"rendered":"Gandia acoge por primera vez la Encuentro de Familias y la I Jornada Cient\u00edfica sobre el S\u00edndrome de Wolfram"},"content":{"rendered":"\n<p>El <strong>Ayuntamiento de Gandia<\/strong>, a trav\u00e9s de la <strong>Concejal\u00eda de Sanidad<\/strong>, ha anunciado que del <strong>31 de octubre al 2 de noviembre<\/strong> la ciudad ser\u00e1 la sede por primera vez del <strong>Encuentro de Familias de la Alianza de Familias Afectadas por el S\u00edndrome de Wolfram (AFASW)<\/strong>, junto con la <strong>I Jornada Cient\u00edfica<\/strong> sobre esta enfermedad rara de origen gen\u00e9tico y neurodegenerativo.<\/p>\n\n\n\n<p>La concejala de Sanidad, <strong>Liduvina Gil<\/strong>, expres\u00f3 su \u201csatisfacci\u00f3n y orgullo\u201d por acoger esta iniciativa a nivel estatal: \u201cGandia es una ciudad solidaria y comprometida. Organizar este encuentro es una oportunidad para apoyar la investigaci\u00f3n y a las familias afectadas, avanzando hacia una mejor calidad de vida\u201d.<\/p>\n\n\n\n<p>La <strong>Jornada Cient\u00edfica<\/strong> se celebrar\u00e1 el <strong>viernes 1 de noviembre, de 8:30 a 14:00 horas<\/strong>, en el <strong>Sal\u00f3n de Conferencias del Hotel Borgia<\/strong>. Participar\u00e1n especialistas de referencia en psicolog\u00eda, logopedia, medicina interna, biobancos e investigaci\u00f3n en terapia g\u00e9nica, incluyendo investigadores de la <strong>Universidad Aut\u00f3noma de Barcelona<\/strong> y responsables del <strong>Ciberbiobanco<\/strong> a nivel estatal. Tambi\u00e9n colaborar\u00e1n el <strong>Hospital Universitario y Polit\u00e9cnico La Fe de Valencia<\/strong> y la <strong>ONCE<\/strong>.<\/p>\n\n\n\n<p>Paralelamente, las familias participantes realizar\u00e1n <strong>actividades culturales y de convivencia<\/strong>, como visitas guiadas al <strong>Palacio Ducal y la Colegiata<\/strong>, rutas por la <strong>Marjal<\/strong> y sesiones de <strong>mindfulness en la playa<\/strong>.<\/p>\n\n\n\n<p>La presidenta de AFASW, <strong>Pilar Giomis<\/strong>, destac\u00f3 \u201cla alegr\u00eda y emoci\u00f3n\u201d de celebrar este primer encuentro en Gandia, y agradeci\u00f3 \u201cel apoyo y la implicaci\u00f3n de la Concejal\u00eda de Sanidad y del Ayuntamiento, sin los cuales este encuentro no habr\u00eda sido posible\u201d.<\/p>\n\n\n\n<p>La organizaci\u00f3n ha recordado que la <strong>Jornada Cient\u00edfica est\u00e1 abierta a cualquier persona interesada<\/strong> en conocer m\u00e1s sobre el S\u00edndrome de Wolfram e invita a toda la ciudadan\u00eda a asistir.<\/p>\n","protected":false},"excerpt":{"rendered":"<p>El Ayuntamiento de Gandia, a trav\u00e9s de la Concejal\u00eda de Sanidad, ha anunciado que del 31 de octubre al 2 de noviembre la ciudad ser\u00e1 la sede por primera vez del Encuentro de Familias de la Alianza de Familias Afectadas por el S\u00edndrome de Wolfram (AFASW), junto con la I Jornada Cient\u00edfica sobre esta enfermedad&#8230;<\/p>\n","protected":false},"author":1,"featured_media":7306,"comment_status":"open","ping_status":"open","sticky":false,"template":"","format":"standard","meta":{"footnotes":""},"categories":[1],"tags":[],"class_list":["post-7305","post","type-post","status-publish","format-standard","has-post-thumbnail","hentry","category-actualidad"],"_links":{"self":[{"href":"https:\/\/infogandia.es\/index.php\/wp-json\/wp\/v2\/posts\/7305","targetHints":{"allow":["GET"]}}],"collection":[{"href":"https:\/\/infogandia.es\/index.php\/wp-json\/wp\/v2\/posts"}],"about":[{"href":"https:\/\/infogandia.es\/index.php\/wp-json\/wp\/v2\/types\/post"}],"author":[{"embeddable":true,"href":"https:\/\/infogandia.es\/index.php\/wp-json\/wp\/v2\/users\/1"}],"replies":[{"embeddable":true,"href":"https:\/\/infogandia.es\/index.php\/wp-json\/wp\/v2\/comments?post=7305"}],"version-history":[{"count":1,"href":"https:\/\/infogandia.es\/index.php\/wp-json\/wp\/v2\/posts\/7305\/revisions"}],"predecessor-version":[{"id":7307,"href":"https:\/\/infogandia.es\/index.php\/wp-json\/wp\/v2\/posts\/7305\/revisions\/7307"}],"wp:featuredmedia":[{"embeddable":true,"href":"https:\/\/infogandia.es\/index.php\/wp-json\/wp\/v2\/media\/7306"}],"wp:attachment":[{"href":"https:\/\/infogandia.es\/index.php\/wp-json\/wp\/v2\/media?parent=7305"}],"wp:term":[{"taxonomy":"category","embeddable":true,"href":"https:\/\/infogandia.es\/index.php\/wp-json\/wp\/v2\/categories?post=7305"},{"taxonomy":"post_tag","embeddable":true,"href":"https:\/\/infogandia.es\/index.php\/wp-json\/wp\/v2\/tags?post=7305"}],"curies":[{"name":"wp","href":"https:\/\/api.w.org\/{rel}","templated":true}]}}