{"id":7308,"date":"2025-10-21T10:43:20","date_gmt":"2025-10-21T10:43:20","guid":{"rendered":"https:\/\/infogandia.es\/?p=7308"},"modified":"2025-10-21T10:43:20","modified_gmt":"2025-10-21T10:43:20","slug":"el-pp-critica-la-gestion-de-prieto-ante-las-inundaciones-y-exige-liderazgo-y-ayudas-municipales","status":"publish","type":"post","link":"https:\/\/infogandia.es\/index.php\/2025\/10\/21\/el-pp-critica-la-gestion-de-prieto-ante-las-inundaciones-y-exige-liderazgo-y-ayudas-municipales\/","title":{"rendered":"El PP critica la gesti\u00f3n de Prieto ante las inundaciones y exige liderazgo y ayudas municipales"},"content":{"rendered":"\n<p>El portavoz del <strong>Grupo Municipal Popular<\/strong>, <strong>V\u00edctor Soler<\/strong>, ha criticado hoy la actuaci\u00f3n del alcalde <strong>Jos\u00e9 Manuel Prieto<\/strong> frente a las recientes inundaciones en Gandia, se\u00f1alando que \u201cllega tarde y solo reacciona a golpe de tragedia\u201d. Soler ha reiterado las denuncias del PP sobre la falta de preparaci\u00f3n de la ciudad tras <strong>38 a\u00f1os de inacci\u00f3n socialista<\/strong>.<\/p>\n\n\n\n<p>El portavoz popular ha se\u00f1alado que Prieto est\u00e1 utilizando \u201csu arsenal de marketing pol\u00edtico\u201d para aparentar gesti\u00f3n, cuando en realidad deber\u00eda <strong>asumir responsabilidades y actuar con diligencia<\/strong>. Soler ha reprochado al alcalde <strong>no haber suspendido las clases en colegios situados en zonas inundables<\/strong>, tal como establece el propio <strong>Plan de Emergencias contra Inundaciones<\/strong> del Ayuntamiento, evidenciando \u201cirresponsabilidad y desconocimiento de sus propios planes\u201d.<\/p>\n\n\n\n<p>Seg\u00fan el PP, la situaci\u00f3n se agrava por la negativa del alcalde a permitir la presencia de otros grupos municipales en el <strong>CECOPAL<\/strong>, lo que impide aportar propuestas en momentos de crisis. Soler tambi\u00e9n ha destacado la <strong>falta de actualizaci\u00f3n de los planes de emergencia<\/strong>, la ausencia de campa\u00f1as de divulgaci\u00f3n, medidas preventivas y simulacros, compromisos que Prieto anunci\u00f3 en enero y que <strong>a d\u00eda de hoy siguen sin materializarse<\/strong>.<\/p>\n\n\n\n<p>El PP ha vuelto a reclamar la <strong>puesta en marcha de un paquete de ayudas municipales<\/strong> para vecinos y comerciantes afectados, sin esperar a la declaraci\u00f3n oficial de zona gravemente afectada. \u201cApoyamos la solicitud al Gobierno de Espa\u00f1a, pero exigimos que el Ayuntamiento act\u00fae con diligencia y con recursos propios para atender desde ya a quienes lo est\u00e1n pasando mal\u201d, ha se\u00f1alado Soler.<\/p>\n\n\n\n<p>Finalmente, el portavoz popular ha exigido <strong>responsabilidad y liderazgo<\/strong> en momentos de crisis, recordando que colectivos como los ni\u00f1os y el Consell Escolar han sufrido un episodio cr\u00edtico por la falta de decisi\u00f3n del alcalde, instando a Prieto a \u201cestar presente en los problemas reales de su ciudad en lugar de invertir todo su tiempo en redactar discursos triunfalistas\u201d.<\/p>\n","protected":false},"excerpt":{"rendered":"<p>El portavoz del Grupo Municipal Popular, V\u00edctor Soler, ha criticado hoy la actuaci\u00f3n del alcalde Jos\u00e9 Manuel Prieto frente a las recientes inundaciones en Gandia, se\u00f1alando que \u201cllega tarde y solo reacciona a golpe de tragedia\u201d. Soler ha reiterado las denuncias del PP sobre la falta de preparaci\u00f3n de la ciudad tras 38 a\u00f1os de&#8230;<\/p>\n","protected":false},"author":1,"featured_media":7309,"comment_status":"open","ping_status":"open","sticky":false,"template":"","format":"standard","meta":{"footnotes":""},"categories":[1,3,27],"tags":[],"class_list":["post-7308","post","type-post","status-publish","format-standard","has-post-thumbnail","hentry","category-actualidad","category-politica","category-sociedad"],"_links":{"self":[{"href":"https:\/\/infogandia.es\/index.php\/wp-json\/wp\/v2\/posts\/7308","targetHints":{"allow":["GET"]}}],"collection":[{"href":"https:\/\/infogandia.es\/index.php\/wp-json\/wp\/v2\/posts"}],"about":[{"href":"https:\/\/infogandia.es\/index.php\/wp-json\/wp\/v2\/types\/post"}],"author":[{"embeddable":true,"href":"https:\/\/infogandia.es\/index.php\/wp-json\/wp\/v2\/users\/1"}],"replies":[{"embeddable":true,"href":"https:\/\/infogandia.es\/index.php\/wp-json\/wp\/v2\/comments?post=7308"}],"version-history":[{"count":1,"href":"https:\/\/infogandia.es\/index.php\/wp-json\/wp\/v2\/posts\/7308\/revisions"}],"predecessor-version":[{"id":7310,"href":"https:\/\/infogandia.es\/index.php\/wp-json\/wp\/v2\/posts\/7308\/revisions\/7310"}],"wp:featuredmedia":[{"embeddable":true,"href":"https:\/\/infogandia.es\/index.php\/wp-json\/wp\/v2\/media\/7309"}],"wp:attachment":[{"href":"https:\/\/infogandia.es\/index.php\/wp-json\/wp\/v2\/media?parent=7308"}],"wp:term":[{"taxonomy":"category","embeddable":true,"href":"https:\/\/infogandia.es\/index.php\/wp-json\/wp\/v2\/categories?post=7308"},{"taxonomy":"post_tag","embeddable":true,"href":"https:\/\/infogandia.es\/index.php\/wp-json\/wp\/v2\/tags?post=7308"}],"curies":[{"name":"wp","href":"https:\/\/api.w.org\/{rel}","templated":true}]}}