{"id":7311,"date":"2025-10-21T15:47:49","date_gmt":"2025-10-21T15:47:49","guid":{"rendered":"https:\/\/infogandia.es\/?p=7311"},"modified":"2025-10-21T15:47:50","modified_gmt":"2025-10-21T15:47:50","slug":"la-colegiata-de-gandia-acoge-el-ii-ciclo-de-conciertos-a-la-llum-de-la-seu-en-beneficio-del-preventorio-infantil","status":"publish","type":"post","link":"https:\/\/infogandia.es\/index.php\/2025\/10\/21\/la-colegiata-de-gandia-acoge-el-ii-ciclo-de-conciertos-a-la-llum-de-la-seu-en-beneficio-del-preventorio-infantil\/","title":{"rendered":"La Colegiata de Gandia acoge el II Ciclo de Conciertos \u201cA la Llum de la Seu\u201d en beneficio del Preventorio Infantil"},"content":{"rendered":"\n<p>La Insigne Colegiata de Gandia celebrar\u00e1 una nueva edici\u00f3n del <strong>II Ciclo de Conciertos \u201cA la Llum de la Seu\u201d<\/strong>, una propuesta musical y cultural que combina m\u00fasica en directo con la iluminaci\u00f3n natural de miles de velas y que destina todos sus beneficios al <strong>Preventorio Infantil Nuestra Se\u00f1ora del Amparo<\/strong>.<\/p>\n\n\n\n<p>El ciclo incluye cuatro conciertos programados entre octubre de 2025 y mayo de 2026:<\/p>\n\n\n\n<ul class=\"wp-block-list\">\n<li><strong>24 de octubre de 2025 \u00b7 21:00 h \u2014 \u201cPianissimas\u201d<\/strong><br>Concierto de piano \u201ca m\u00e1s de dos manos\u201d, una propuesta visual y sonora singular.<\/li>\n\n\n\n<li><strong>28 de noviembre de 2025 \u00b7 21:00 h \u2014 Pablo Turlo &amp; Estefanos Spanopoulos<\/strong><br>Recital extraordinario de viol\u00edn y piano a cargo de dos int\u00e9rpretes de referencia.<\/li>\n\n\n\n<li><strong>24 de abril de 2026 \u00b7 21:00 h \u2014 Tr\u00edo Musical<\/strong><br>Selecci\u00f3n de obras l\u00edricas con Telmo Gadea, Mar\u00eda Jos\u00e9 Martos y Vicent Antequera.<\/li>\n\n\n\n<li><strong>29 de mayo de 2026 \u00b7 21:00 h \u2014 \u201cDol\u00e7a Melodia\u201d<\/strong><br>Programa dedicado al maestro Pasqua Fuentes Alc\u00e0sser con la participaci\u00f3n de Pilar Moral y Cec\u00edlia Aym\u00ed (sopranos), Enric Llorens y V\u00edctor Yus\u00e0 (violines) y Francesc Valldecabres (clave y direcci\u00f3n).<\/li>\n<\/ul>\n\n\n\n<p>La organizaci\u00f3n destaca que el ciclo ofrece una <strong>experiencia sensorial \u00fanica<\/strong>, en un entorno patrimonial emblem\u00e1tico como la Colegiata, y al mismo tiempo contribuye a sostener la labor social del Preventorio, que atiende a medio centenar de ni\u00f1os gracias a la colaboraci\u00f3n solidaria de la ciudadan\u00eda.<\/p>\n\n\n\n<p><strong>Entradas<\/strong><\/p>\n\n\n\n<ul class=\"wp-block-list\">\n<li>Entrada anticipada (zona trasera): <strong>10 \u20ac<\/strong><\/li>\n\n\n\n<li>Entrada anticipada (zona delantera): <strong>15 \u20ac<\/strong><\/li>\n\n\n\n<li>Abono 4 conciertos (zona delantera): <strong>45 \u20ac<\/strong><br>Las entradas pueden adquirirse a trav\u00e9s de los canales oficiales del ciclo.<\/li>\n<\/ul>\n","protected":false},"excerpt":{"rendered":"<p>La Insigne Colegiata de Gandia celebrar\u00e1 una nueva edici\u00f3n del II Ciclo de Conciertos \u201cA la Llum de la Seu\u201d, una propuesta musical y cultural que combina m\u00fasica en directo con la iluminaci\u00f3n natural de miles de velas y que destina todos sus beneficios al Preventorio Infantil Nuestra Se\u00f1ora del Amparo. El ciclo incluye cuatro&#8230;<\/p>\n","protected":false},"author":1,"featured_media":7312,"comment_status":"open","ping_status":"open","sticky":false,"template":"","format":"standard","meta":{"footnotes":""},"categories":[1,27],"tags":[],"class_list":["post-7311","post","type-post","status-publish","format-standard","has-post-thumbnail","hentry","category-actualidad","category-sociedad"],"_links":{"self":[{"href":"https:\/\/infogandia.es\/index.php\/wp-json\/wp\/v2\/posts\/7311","targetHints":{"allow":["GET"]}}],"collection":[{"href":"https:\/\/infogandia.es\/index.php\/wp-json\/wp\/v2\/posts"}],"about":[{"href":"https:\/\/infogandia.es\/index.php\/wp-json\/wp\/v2\/types\/post"}],"author":[{"embeddable":true,"href":"https:\/\/infogandia.es\/index.php\/wp-json\/wp\/v2\/users\/1"}],"replies":[{"embeddable":true,"href":"https:\/\/infogandia.es\/index.php\/wp-json\/wp\/v2\/comments?post=7311"}],"version-history":[{"count":1,"href":"https:\/\/infogandia.es\/index.php\/wp-json\/wp\/v2\/posts\/7311\/revisions"}],"predecessor-version":[{"id":7313,"href":"https:\/\/infogandia.es\/index.php\/wp-json\/wp\/v2\/posts\/7311\/revisions\/7313"}],"wp:featuredmedia":[{"embeddable":true,"href":"https:\/\/infogandia.es\/index.php\/wp-json\/wp\/v2\/media\/7312"}],"wp:attachment":[{"href":"https:\/\/infogandia.es\/index.php\/wp-json\/wp\/v2\/media?parent=7311"}],"wp:term":[{"taxonomy":"category","embeddable":true,"href":"https:\/\/infogandia.es\/index.php\/wp-json\/wp\/v2\/categories?post=7311"},{"taxonomy":"post_tag","embeddable":true,"href":"https:\/\/infogandia.es\/index.php\/wp-json\/wp\/v2\/tags?post=7311"}],"curies":[{"name":"wp","href":"https:\/\/api.w.org\/{rel}","templated":true}]}}