{"id":7314,"date":"2025-10-21T15:49:41","date_gmt":"2025-10-21T15:49:41","guid":{"rendered":"https:\/\/infogandia.es\/?p=7314"},"modified":"2025-10-21T15:49:48","modified_gmt":"2025-10-21T15:49:48","slug":"el-pp-logra-un-acuerdo-unanime-para-reparar-los-semaforos-sonoros-y-mejorar-la-accesibilidad-de-las-personas-con-discapacidad-visual-en-gandia","status":"publish","type":"post","link":"https:\/\/infogandia.es\/index.php\/2025\/10\/21\/el-pp-logra-un-acuerdo-unanime-para-reparar-los-semaforos-sonoros-y-mejorar-la-accesibilidad-de-las-personas-con-discapacidad-visual-en-gandia\/","title":{"rendered":"El PP logra un acuerdo un\u00e1nime para reparar los sem\u00e1foros sonoros y mejorar la accesibilidad de las personas con discapacidad visual en Gandia"},"content":{"rendered":"\n<p>El Grupo Municipal Popular ha obtenido el respaldo de todos los partidos representados en el Ayuntamiento de Gandia para reparar el sistema sonoro de los sem\u00e1foros de la ciudad, con el fin de garantizar la seguridad y autonom\u00eda de las personas con discapacidad visual.<\/p>\n\n\n\n<p>La iniciativa, presentada tras reuniones con usuarios de la ONCE, denuncia que numerosos dispositivos del sistema <strong>Cyberpass<\/strong> llevan averiados desde 2021 en distintos cruces de Gandia, comprometiendo la accesibilidad y suponiendo un riesgo en los desplazamientos urbanos de las personas invidentes.<\/p>\n\n\n\n<p>El portavoz popular, <strong>V\u00edctor Soler<\/strong>, ha celebrado el consenso alcanzado y ha se\u00f1alado que \u201cse trata de una medida \u00fatil y necesaria que busca mejorar la movilidad de todos los gandienses, independientemente de sus circunstancias personales\u201d. Al mismo tiempo, ha defendido que acuerdos como este \u201cfacilitan el d\u00eda a d\u00eda, promueven la autonom\u00eda y favorecen la plena integraci\u00f3n de las personas con discapacidad visual\u201d.<\/p>\n\n\n\n<p>Soler ha subrayado que este acuerdo refleja el modelo de oposici\u00f3n que el PP asegura querer ejercer: \u201cconstructiva, propositiva y conectada con las necesidades de la Gandia real\u201d.<\/p>\n\n\n\n<p>La moci\u00f3n aprobada insta al Gobierno municipal a ejecutar de manera inmediata las reparaciones necesarias en los sem\u00e1foros afectados y restablecer el correcto funcionamiento del sistema <strong>Cyberpass<\/strong> en todos los puntos se\u00f1alados.<\/p>\n","protected":false},"excerpt":{"rendered":"<p>El Grupo Municipal Popular ha obtenido el respaldo de todos los partidos representados en el Ayuntamiento de Gandia para reparar el sistema sonoro de los sem\u00e1foros de la ciudad, con el fin de garantizar la seguridad y autonom\u00eda de las personas con discapacidad visual. La iniciativa, presentada tras reuniones con usuarios de la ONCE, denuncia&#8230;<\/p>\n","protected":false},"author":1,"featured_media":7315,"comment_status":"open","ping_status":"open","sticky":false,"template":"","format":"standard","meta":{"footnotes":""},"categories":[1],"tags":[],"class_list":["post-7314","post","type-post","status-publish","format-standard","has-post-thumbnail","hentry","category-actualidad"],"_links":{"self":[{"href":"https:\/\/infogandia.es\/index.php\/wp-json\/wp\/v2\/posts\/7314","targetHints":{"allow":["GET"]}}],"collection":[{"href":"https:\/\/infogandia.es\/index.php\/wp-json\/wp\/v2\/posts"}],"about":[{"href":"https:\/\/infogandia.es\/index.php\/wp-json\/wp\/v2\/types\/post"}],"author":[{"embeddable":true,"href":"https:\/\/infogandia.es\/index.php\/wp-json\/wp\/v2\/users\/1"}],"replies":[{"embeddable":true,"href":"https:\/\/infogandia.es\/index.php\/wp-json\/wp\/v2\/comments?post=7314"}],"version-history":[{"count":1,"href":"https:\/\/infogandia.es\/index.php\/wp-json\/wp\/v2\/posts\/7314\/revisions"}],"predecessor-version":[{"id":7317,"href":"https:\/\/infogandia.es\/index.php\/wp-json\/wp\/v2\/posts\/7314\/revisions\/7317"}],"wp:featuredmedia":[{"embeddable":true,"href":"https:\/\/infogandia.es\/index.php\/wp-json\/wp\/v2\/media\/7315"}],"wp:attachment":[{"href":"https:\/\/infogandia.es\/index.php\/wp-json\/wp\/v2\/media?parent=7314"}],"wp:term":[{"taxonomy":"category","embeddable":true,"href":"https:\/\/infogandia.es\/index.php\/wp-json\/wp\/v2\/categories?post=7314"},{"taxonomy":"post_tag","embeddable":true,"href":"https:\/\/infogandia.es\/index.php\/wp-json\/wp\/v2\/tags?post=7314"}],"curies":[{"name":"wp","href":"https:\/\/api.w.org\/{rel}","templated":true}]}}