{"id":7318,"date":"2025-10-21T15:50:09","date_gmt":"2025-10-21T15:50:09","guid":{"rendered":"https:\/\/infogandia.es\/?p=7318"},"modified":"2025-10-21T15:50:10","modified_gmt":"2025-10-21T15:50:10","slug":"la-casa-de-la-marquesa-acoge-la-presentacion-de-un-libro-sobre-el-pintor-gandiense-joan-costa","status":"publish","type":"post","link":"https:\/\/infogandia.es\/index.php\/2025\/10\/21\/la-casa-de-la-marquesa-acoge-la-presentacion-de-un-libro-sobre-el-pintor-gandiense-joan-costa\/","title":{"rendered":"La Casa de la Marquesa acoge la presentaci\u00f3n de un libro sobre el pintor gandiense Joan Costa"},"content":{"rendered":"\n<p>La periodista <strong>Esperan\u00e7a Costa<\/strong> presenta el mi\u00e9rcoles 22 de octubre, a las 19 horas, en la Casa de Cultura Marqu\u00e9s de Gonz\u00e1lez de Quir\u00f3s de Gandia, el libro <em>Joan Costa. La pintura i la vida<\/em>, una obra editada por Austrohongaresa de Vapors que repasa la trayectoria art\u00edstica y vital del pintor nacido en Gandia en 1952.<\/p>\n\n\n\n<p>El volumen incluye una entrevista personal con el artista, as\u00ed como abundante documentaci\u00f3n fotogr\u00e1fica y bibliogr\u00e1fica. La obra re\u00fane textos de especialistas en arte y est\u00e9tica como Rom\u00e0 de la Calle, Henry Keazor, Rafael Garcia Mah\u00edques, Guillermo Carnero, y de los escritores gandienses Josep Piera y Rafa Gomar. Se publica en tres idiomas: valenciano, castellano e ingl\u00e9s.<\/p>\n\n\n\n<p>Joan Costa, autor de un amplio corpus art\u00edstico disperso en colecciones como la Fundaci\u00f3n Mart\u00ednez Guerricabeitia o la Diputaci\u00f3n de Valencia, se dio a conocer en su ciudad natal con tan solo 21 a\u00f1os al pintar el retablo mayor de la Iglesia de la Escuela Pia. Formado inicialmente en un lenguaje acad\u00e9mico, su carrera evolucion\u00f3 en Madrid hacia las nuevas corrientes art\u00edsticas y la neopintura de los a\u00f1os 80, derivando posteriormente en un estilo personal influido por el postmodernismo de finales del siglo XX y principios del XXI. Actualmente es profesor de Historia del Arte en la Universitat dels Majors del Centro Internacional de la Universitat de Val\u00e8ncia en Gandia.<\/p>\n\n\n\n<p>La autora, Esperan\u00e7a Costa, es tambi\u00e9n responsable de la biograf\u00eda <em>Rosa Solbes, el periodisme insurgent<\/em>, publicada por la misma editorial. Con este libro sobre Joan Costa inaugura la nueva colecci\u00f3n <strong>Mirades<\/strong>.<\/p>\n\n\n\n<p>Entre los textos recogidos en la obra, Josep Piera destaca que \u201cla pintura de Joan Costa no solo fascina, sino que inquieta (\u2026) es una pintura que conmueve, que atrae, que dice, que siente\u201d. Por su parte, Rafa Gomar subraya que Costa \u201cbebe de la tradici\u00f3n de los grandes pintores, pero a la vez se involucra en las paradojas contempor\u00e1neas para transgredir t\u00f3picos y cuestionar modas que veneran lo kitsch como innovaci\u00f3n est\u00e9tica\u201d.<\/p>\n","protected":false},"excerpt":{"rendered":"<p>La periodista Esperan\u00e7a Costa presenta el mi\u00e9rcoles 22 de octubre, a las 19 horas, en la Casa de Cultura Marqu\u00e9s de Gonz\u00e1lez de Quir\u00f3s de Gandia, el libro Joan Costa. La pintura i la vida, una obra editada por Austrohongaresa de Vapors que repasa la trayectoria art\u00edstica y vital del pintor nacido en Gandia en&#8230;<\/p>\n","protected":false},"author":1,"featured_media":7316,"comment_status":"open","ping_status":"open","sticky":false,"template":"","format":"standard","meta":{"footnotes":""},"categories":[1],"tags":[],"class_list":["post-7318","post","type-post","status-publish","format-standard","has-post-thumbnail","hentry","category-actualidad"],"_links":{"self":[{"href":"https:\/\/infogandia.es\/index.php\/wp-json\/wp\/v2\/posts\/7318","targetHints":{"allow":["GET"]}}],"collection":[{"href":"https:\/\/infogandia.es\/index.php\/wp-json\/wp\/v2\/posts"}],"about":[{"href":"https:\/\/infogandia.es\/index.php\/wp-json\/wp\/v2\/types\/post"}],"author":[{"embeddable":true,"href":"https:\/\/infogandia.es\/index.php\/wp-json\/wp\/v2\/users\/1"}],"replies":[{"embeddable":true,"href":"https:\/\/infogandia.es\/index.php\/wp-json\/wp\/v2\/comments?post=7318"}],"version-history":[{"count":1,"href":"https:\/\/infogandia.es\/index.php\/wp-json\/wp\/v2\/posts\/7318\/revisions"}],"predecessor-version":[{"id":7319,"href":"https:\/\/infogandia.es\/index.php\/wp-json\/wp\/v2\/posts\/7318\/revisions\/7319"}],"wp:featuredmedia":[{"embeddable":true,"href":"https:\/\/infogandia.es\/index.php\/wp-json\/wp\/v2\/media\/7316"}],"wp:attachment":[{"href":"https:\/\/infogandia.es\/index.php\/wp-json\/wp\/v2\/media?parent=7318"}],"wp:term":[{"taxonomy":"category","embeddable":true,"href":"https:\/\/infogandia.es\/index.php\/wp-json\/wp\/v2\/categories?post=7318"},{"taxonomy":"post_tag","embeddable":true,"href":"https:\/\/infogandia.es\/index.php\/wp-json\/wp\/v2\/tags?post=7318"}],"curies":[{"name":"wp","href":"https:\/\/api.w.org\/{rel}","templated":true}]}}