{"id":7320,"date":"2025-10-21T15:58:42","date_gmt":"2025-10-21T15:58:42","guid":{"rendered":"https:\/\/infogandia.es\/?p=7320"},"modified":"2025-10-21T15:58:43","modified_gmt":"2025-10-21T15:58:43","slug":"gandia-activa-la-biblioteca-solidaria-y-presenta-la-novela-la-dona-forta-dentro-de-la-tardor-literaria","status":"publish","type":"post","link":"https:\/\/infogandia.es\/index.php\/2025\/10\/21\/gandia-activa-la-biblioteca-solidaria-y-presenta-la-novela-la-dona-forta-dentro-de-la-tardor-literaria\/","title":{"rendered":"Gandia activa \u201cLa Biblioteca Solid\u00e0ria\u201d y presenta la novela La dona forta dentro de la Tardor Liter\u00e0ria"},"content":{"rendered":"\n<p>Hasta el <strong>s\u00e1bado 25 de octubre<\/strong>, la <strong>Xarxa de Biblioteques de Gandia<\/strong> impulsa la iniciativa solidaria <strong>\u201cLa Biblioteca Solid\u00e0ria\u201d<\/strong>, que consiste en la venta de libros a <strong>1 euro<\/strong>, cuyos beneficios se destinar\u00e1n a la <strong>Asociaci\u00f3n Espa\u00f1ola Contra el C\u00e1ncer<\/strong>, la <strong>Asociaci\u00f3n de Familiares de Enfermos de Alzheimer La Safor<\/strong> y la <strong>Asociaci\u00f3n Parkinson Gandia Safor<\/strong>.<\/p>\n\n\n\n<p>La actividad se desarrollar\u00e1 en la <strong>Biblioteca Central<\/strong> \u2014de 11 a 14 h y de 17 a 20 h entre semana, y el s\u00e1bado de 11 a 13 h\u2014, as\u00ed como en la <strong>Biblioteca Benipeixcar-Raval<\/strong> (17 a 20 h), y en otras bibliotecas de barrio coincidiendo con las actividades infantiles de la semana (JP-Beniopa, Corea-AE, Grau y Santa Anna). La iniciativa est\u00e1 organizada por el <strong>IMAB<\/strong> y la <strong>Xarxa de Biblioteques de Gandia<\/strong>.<\/p>\n\n\n\n<figure class=\"wp-block-image size-large\"><img fetchpriority=\"high\" decoding=\"async\" width=\"724\" height=\"1024\" src=\"http:\/\/infogandia.es\/wp-content\/uploads\/2025\/10\/10-20-25-Biblioteca-Solidaria-724x1024.png\" alt=\"\" class=\"wp-image-7321\" srcset=\"https:\/\/infogandia.es\/wp-content\/uploads\/2025\/10\/10-20-25-Biblioteca-Solidaria-724x1024.png 724w, https:\/\/infogandia.es\/wp-content\/uploads\/2025\/10\/10-20-25-Biblioteca-Solidaria-212x300.png 212w, https:\/\/infogandia.es\/wp-content\/uploads\/2025\/10\/10-20-25-Biblioteca-Solidaria-768x1086.png 768w, https:\/\/infogandia.es\/wp-content\/uploads\/2025\/10\/10-20-25-Biblioteca-Solidaria-1086x1536.png 1086w, https:\/\/infogandia.es\/wp-content\/uploads\/2025\/10\/10-20-25-Biblioteca-Solidaria.png 1414w\" sizes=\"(max-width: 724px) 100vw, 724px\" \/><\/figure>\n\n\n\n<p>Dentro del mismo programa de <strong>Tardor Liter\u00e0ria<\/strong>, la <strong>Biblioteca Central<\/strong> acoger\u00e1 a las <strong>19:00 h<\/strong> la presentaci\u00f3n de la novela <em>La dona forta<\/em>, de <strong>Maria Beneyto<\/strong>, un relato feminista que destaca por su lucidez al abordar la libertad y dignidad de la mujer en tiempos de cambio. El acto estar\u00e1 moderado por <strong>Gr\u00e0cia Signes<\/strong> y cuenta con la colaboraci\u00f3n de la <strong>Acad\u00e8mia Valenciana de la Llengua<\/strong>.<\/p>\n","protected":false},"excerpt":{"rendered":"<p>Hasta el s\u00e1bado 25 de octubre, la Xarxa de Biblioteques de Gandia impulsa la iniciativa solidaria \u201cLa Biblioteca Solid\u00e0ria\u201d, que consiste en la venta de libros a 1 euro, cuyos beneficios se destinar\u00e1n a la Asociaci\u00f3n Espa\u00f1ola Contra el C\u00e1ncer, la Asociaci\u00f3n de Familiares de Enfermos de Alzheimer La Safor y la Asociaci\u00f3n Parkinson Gandia&#8230;<\/p>\n","protected":false},"author":1,"featured_media":7322,"comment_status":"open","ping_status":"open","sticky":false,"template":"","format":"standard","meta":{"footnotes":""},"categories":[1],"tags":[],"class_list":["post-7320","post","type-post","status-publish","format-standard","has-post-thumbnail","hentry","category-actualidad"],"_links":{"self":[{"href":"https:\/\/infogandia.es\/index.php\/wp-json\/wp\/v2\/posts\/7320","targetHints":{"allow":["GET"]}}],"collection":[{"href":"https:\/\/infogandia.es\/index.php\/wp-json\/wp\/v2\/posts"}],"about":[{"href":"https:\/\/infogandia.es\/index.php\/wp-json\/wp\/v2\/types\/post"}],"author":[{"embeddable":true,"href":"https:\/\/infogandia.es\/index.php\/wp-json\/wp\/v2\/users\/1"}],"replies":[{"embeddable":true,"href":"https:\/\/infogandia.es\/index.php\/wp-json\/wp\/v2\/comments?post=7320"}],"version-history":[{"count":1,"href":"https:\/\/infogandia.es\/index.php\/wp-json\/wp\/v2\/posts\/7320\/revisions"}],"predecessor-version":[{"id":7323,"href":"https:\/\/infogandia.es\/index.php\/wp-json\/wp\/v2\/posts\/7320\/revisions\/7323"}],"wp:featuredmedia":[{"embeddable":true,"href":"https:\/\/infogandia.es\/index.php\/wp-json\/wp\/v2\/media\/7322"}],"wp:attachment":[{"href":"https:\/\/infogandia.es\/index.php\/wp-json\/wp\/v2\/media?parent=7320"}],"wp:term":[{"taxonomy":"category","embeddable":true,"href":"https:\/\/infogandia.es\/index.php\/wp-json\/wp\/v2\/categories?post=7320"},{"taxonomy":"post_tag","embeddable":true,"href":"https:\/\/infogandia.es\/index.php\/wp-json\/wp\/v2\/tags?post=7320"}],"curies":[{"name":"wp","href":"https:\/\/api.w.org\/{rel}","templated":true}]}}