{"id":7324,"date":"2025-10-22T10:17:33","date_gmt":"2025-10-22T10:17:33","guid":{"rendered":"https:\/\/infogandia.es\/?p=7324"},"modified":"2025-10-22T10:17:34","modified_gmt":"2025-10-22T10:17:34","slug":"la-falta-de-gestion-socialista-mantiene-a-los-vecinos-de-la-calle-peru-en-situacion-de-inseguridad-durante-una-decada","status":"publish","type":"post","link":"https:\/\/infogandia.es\/index.php\/2025\/10\/22\/la-falta-de-gestion-socialista-mantiene-a-los-vecinos-de-la-calle-peru-en-situacion-de-inseguridad-durante-una-decada\/","title":{"rendered":"La falta de gesti\u00f3n socialista mantiene a los vecinos de la calle Per\u00fa en situaci\u00f3n de inseguridad durante una d\u00e9cada"},"content":{"rendered":"\n<p>Los vecinos del edificio ubicado en la calle Per\u00fa, 57, llevan m\u00e1s de diez a\u00f1os viviendo en condiciones de inseguridad y degradaci\u00f3n social, seg\u00fan denunci\u00f3 esta ma\u00f1ana el portavoz del Grupo Municipal Popular, V\u00edctor Soler, en rueda de prensa.<\/p>\n\n\n\n<p>Soler explic\u00f3 que la situaci\u00f3n actual responde a decisiones pasadas del gobierno socialista, se\u00f1alando como responsables a Diana Morant y al actual alcalde, Jos\u00e9 Manuel Prieto. Seg\u00fan el portavoz, en 2015 Morant paraliz\u00f3 un desahucio por impago, lo que, seg\u00fan su versi\u00f3n, inici\u00f3 una espiral de ocupaciones irregulares, presencia de clanes vinculados al narcotr\u00e1fico y aumento de la delincuencia, que persiste hasta la fecha. La zona incluso ha sido escenario de un homicidio, se\u00f1al\u00f3 Soler.<\/p>\n\n\n\n<figure class=\"wp-block-image size-full\"><img fetchpriority=\"high\" decoding=\"async\" width=\"653\" height=\"928\" src=\"http:\/\/infogandia.es\/wp-content\/uploads\/2025\/10\/WhatsApp-Image-2025-10-22-at-11.11.14.jpeg\" alt=\"\" class=\"wp-image-7325\" srcset=\"https:\/\/infogandia.es\/wp-content\/uploads\/2025\/10\/WhatsApp-Image-2025-10-22-at-11.11.14.jpeg 653w, https:\/\/infogandia.es\/wp-content\/uploads\/2025\/10\/WhatsApp-Image-2025-10-22-at-11.11.14-211x300.jpeg 211w\" sizes=\"(max-width: 653px) 100vw, 653px\" \/><\/figure>\n\n\n\n<p>El edil popular critic\u00f3 la gesti\u00f3n del alcalde Prieto, quien hace un a\u00f1o asegur\u00f3 haber contactado con empresas interesadas en adquirir el edificio tras haber prometido inicialmente destinar la finca a usos p\u00fablicos. \u201cA octubre de 2025, el gobierno socialista no ha realizado ninguna acci\u00f3n efectiva\u201d, declar\u00f3 Soler.<\/p>\n\n\n\n<p>El portavoz subray\u00f3 que el Grupo Municipal Popular ha mantenido reuniones con los vecinos de la zona, quienes denuncian problemas de suciedad, ruido y delincuencia que califican de insostenibles.<\/p>\n\n\n\n<p>Para abordar la situaci\u00f3n, Soler anunci\u00f3 que su grupo ha impulsado varias acciones, incluyendo una moci\u00f3n al pleno para exigir la gesti\u00f3n del gobierno local, una solicitud de informaci\u00f3n sobre las empresas interesadas en el edificio y un llamamiento directo al alcalde Prieto para que act\u00fae, ya sea mediante gesti\u00f3n p\u00fablica o privada.<\/p>\n\n\n\n<p>\u201cEs necesario que se tomen medidas inmediatas para garantizar la seguridad y la calidad de vida de los vecinos\u201d, concluy\u00f3 el portavoz popular.<\/p>\n\n\n\n<p><\/p>\n","protected":false},"excerpt":{"rendered":"<p>Los vecinos del edificio ubicado en la calle Per\u00fa, 57, llevan m\u00e1s de diez a\u00f1os viviendo en condiciones de inseguridad y degradaci\u00f3n social, seg\u00fan denunci\u00f3 esta ma\u00f1ana el portavoz del Grupo Municipal Popular, V\u00edctor Soler, en rueda de prensa. Soler explic\u00f3 que la situaci\u00f3n actual responde a decisiones pasadas del gobierno socialista, se\u00f1alando como responsables&#8230;<\/p>\n","protected":false},"author":1,"featured_media":7326,"comment_status":"open","ping_status":"open","sticky":false,"template":"","format":"standard","meta":{"footnotes":""},"categories":[1,3],"tags":[],"class_list":["post-7324","post","type-post","status-publish","format-standard","has-post-thumbnail","hentry","category-actualidad","category-politica"],"_links":{"self":[{"href":"https:\/\/infogandia.es\/index.php\/wp-json\/wp\/v2\/posts\/7324","targetHints":{"allow":["GET"]}}],"collection":[{"href":"https:\/\/infogandia.es\/index.php\/wp-json\/wp\/v2\/posts"}],"about":[{"href":"https:\/\/infogandia.es\/index.php\/wp-json\/wp\/v2\/types\/post"}],"author":[{"embeddable":true,"href":"https:\/\/infogandia.es\/index.php\/wp-json\/wp\/v2\/users\/1"}],"replies":[{"embeddable":true,"href":"https:\/\/infogandia.es\/index.php\/wp-json\/wp\/v2\/comments?post=7324"}],"version-history":[{"count":1,"href":"https:\/\/infogandia.es\/index.php\/wp-json\/wp\/v2\/posts\/7324\/revisions"}],"predecessor-version":[{"id":7327,"href":"https:\/\/infogandia.es\/index.php\/wp-json\/wp\/v2\/posts\/7324\/revisions\/7327"}],"wp:featuredmedia":[{"embeddable":true,"href":"https:\/\/infogandia.es\/index.php\/wp-json\/wp\/v2\/media\/7326"}],"wp:attachment":[{"href":"https:\/\/infogandia.es\/index.php\/wp-json\/wp\/v2\/media?parent=7324"}],"wp:term":[{"taxonomy":"category","embeddable":true,"href":"https:\/\/infogandia.es\/index.php\/wp-json\/wp\/v2\/categories?post=7324"},{"taxonomy":"post_tag","embeddable":true,"href":"https:\/\/infogandia.es\/index.php\/wp-json\/wp\/v2\/tags?post=7324"}],"curies":[{"name":"wp","href":"https:\/\/api.w.org\/{rel}","templated":true}]}}