{"id":7335,"date":"2025-10-23T08:39:12","date_gmt":"2025-10-23T08:39:12","guid":{"rendered":"https:\/\/infogandia.es\/?p=7335"},"modified":"2025-10-23T08:39:13","modified_gmt":"2025-10-23T08:39:13","slug":"el-pp-eleva-el-tono-y-acusa-al-gobierno-socialista-de-condenar-a-los-vecinos-del-edificio-peru-57-a-una-decada-de-inseguridad-degradacion-y-abandono","status":"publish","type":"post","link":"https:\/\/infogandia.es\/index.php\/2025\/10\/23\/el-pp-eleva-el-tono-y-acusa-al-gobierno-socialista-de-condenar-a-los-vecinos-del-edificio-peru-57-a-una-decada-de-inseguridad-degradacion-y-abandono\/","title":{"rendered":"El PP eleva el tono y acusa al gobierno socialista de \u201ccondenar\u201d a los vecinos del Edificio Per\u00fa 57 a una d\u00e9cada de inseguridad, degradaci\u00f3n y abandono"},"content":{"rendered":"\n<p> El Partido Popular de Gandia ha endurecido su discurso contra el gobierno municipal socialista y ha denunciado lo que califica como \u201cuna d\u00e9cada perdida\u201d en la gesti\u00f3n del edificio de la calle Per\u00fa, 57. El portavoz popular, V\u00edctor Soler Beneyto, responsabiliza directamente a la exalcaldesa Diana Morant y al actual alcalde, Jos\u00e9 Manuel Prieto, de haber permitido \u2014por \u201cdecisiones pol\u00edticas err\u00f3neas e inacci\u00f3n prolongada\u201d\u2014 que el inmueble y su entorno se hayan convertido, seg\u00fan sus palabras, en \u201cun foco de delincuencia, miedo y degradaci\u00f3n urbana\u201d.<\/p>\n\n\n\n<p>Soler sostiene que el origen del problema se remonta a 2015, cuando Morant \u201cimpidi\u00f3 un desahucio por impago\u201d, lo que \u2014a juicio del PP\u2014 abri\u00f3 la puerta a un proceso de ocupaci\u00f3n progresiva, la entrada de clanes vinculados al narcotr\u00e1fico y un clima de conflictividad que no ha hecho m\u00e1s que crecer. \u201cDelincuencia, peleas, drogas, amenazas, hasta un asesinato: la calle Per\u00fa es hoy la prueba m\u00e1s cruda de una pol\u00edtica que ha mirado hacia otro lado\u201d, se\u00f1al\u00f3.<\/p>\n\n\n\n<figure class=\"wp-block-image size-full\"><img fetchpriority=\"high\" decoding=\"async\" width=\"620\" height=\"353\" src=\"http:\/\/infogandia.es\/wp-content\/uploads\/2025\/10\/65363310d8d85.r_d.1251-534-10000.jpeg\" alt=\"\" class=\"wp-image-7337\" srcset=\"https:\/\/infogandia.es\/wp-content\/uploads\/2025\/10\/65363310d8d85.r_d.1251-534-10000.jpeg 620w, https:\/\/infogandia.es\/wp-content\/uploads\/2025\/10\/65363310d8d85.r_d.1251-534-10000-300x171.jpeg 300w\" sizes=\"(max-width: 620px) 100vw, 620px\" \/><\/figure>\n\n\n\n<p>El portavoz popular subray\u00f3 que el actual alcalde, Jos\u00e9 Manuel Prieto, \u201cconoce el problema desde hace a\u00f1os, ha prometido soluciones y no ha ejecutado ni una sola\u201d. Record\u00f3 que Prieto anunci\u00f3 primero usos p\u00fablicos para el edificio, y posteriormente asegur\u00f3 que hab\u00eda negociaciones con empresas privadas interesadas en su compra. \u201cA d\u00eda de hoy, octubre de 2025, ni gesti\u00f3n p\u00fablica ni gesti\u00f3n privada: nada. Solo anuncios vac\u00edos, cambios de criterio y tiempo perdido mientras los vecinos viven rodeados de inseguridad\u201d.<\/p>\n\n\n\n<p>El PP reivindica haber mantenido m\u00faltiples reuniones con residentes de la zona, quienes \u2014seg\u00fan el partido\u2014 describen una situaci\u00f3n \u201cinsostenible\u201d: suciedad constante, ruidos continuos, amenazas y presencia recurrente de actividades delictivas. \u201cMientras familias honradas se marchan por miedo, el edificio sigue siendo tierra de nadie\u201d, denunci\u00f3 Soler.<\/p>\n\n\n\n<figure class=\"wp-block-video\"><video height=\"1280\" style=\"aspect-ratio: 720 \/ 1280;\" width=\"720\" controls src=\"https:\/\/infogandia.es\/wp-content\/uploads\/2025\/10\/FDownloader.Net_AQPRrm4-xsuZc-fFyyhRY9D2mIChiCj9NO0eEDMoZtfZnn_Hm-FvutQOvPJ_iVbsnnpsoySiXV4ybFxClc68HlgA5mbiUe5K-qEAn6I_720p_HD.mp4\"><\/video><\/figure>\n\n\n\n<p>El grupo popular llevar\u00e1 al pleno municipal de ma\u00f1ana una propuesta exigiendo actuaciones inmediatas y que el Gobierno presente en un plazo m\u00e1ximo de 30 d\u00edas un calendario detallado y garantizado de medidas para recuperar el edificio y restaurar la convivencia en el entorno. El PP reclama, adem\u00e1s, que se determine si la gesti\u00f3n ser\u00e1 p\u00fablica o privada, y que se asuma responsabilidades pol\u00edticas por lo que consideran \u201cuna d\u00e9cada de desidia\u201d.<\/p>\n\n\n\n<p>Los concejales socialistas Morant y Gregori han respondido a las declaraciones de V\u00edctor Soler, aunque por el momento no han aportado nuevas fechas ni un plan concreto. Para el PP, esta falta de respuestas confirmar\u00eda \u2014dicen\u2014 que \u201cel gobierno socialista ha normalizado la inseguridad como si fuera inevitable\u201d.<\/p>\n\n\n\n<p>\u201cEl desastre tiene nombres y apellidos\u201d, concluy\u00f3 Soler, \u201cy los vecinos ya no pueden esperar m\u00e1s\u201d.<\/p>\n","protected":false},"excerpt":{"rendered":"<p>El Partido Popular de Gandia ha endurecido su discurso contra el gobierno municipal socialista y ha denunciado lo que califica como \u201cuna d\u00e9cada perdida\u201d en la gesti\u00f3n del edificio de la calle Per\u00fa, 57. El portavoz popular, V\u00edctor Soler Beneyto, responsabiliza directamente a la exalcaldesa Diana Morant y al actual alcalde, Jos\u00e9 Manuel Prieto, de&#8230;<\/p>\n","protected":false},"author":1,"featured_media":7336,"comment_status":"open","ping_status":"open","sticky":false,"template":"","format":"standard","meta":{"footnotes":""},"categories":[1,3,27],"tags":[],"class_list":["post-7335","post","type-post","status-publish","format-standard","has-post-thumbnail","hentry","category-actualidad","category-politica","category-sociedad"],"_links":{"self":[{"href":"https:\/\/infogandia.es\/index.php\/wp-json\/wp\/v2\/posts\/7335","targetHints":{"allow":["GET"]}}],"collection":[{"href":"https:\/\/infogandia.es\/index.php\/wp-json\/wp\/v2\/posts"}],"about":[{"href":"https:\/\/infogandia.es\/index.php\/wp-json\/wp\/v2\/types\/post"}],"author":[{"embeddable":true,"href":"https:\/\/infogandia.es\/index.php\/wp-json\/wp\/v2\/users\/1"}],"replies":[{"embeddable":true,"href":"https:\/\/infogandia.es\/index.php\/wp-json\/wp\/v2\/comments?post=7335"}],"version-history":[{"count":1,"href":"https:\/\/infogandia.es\/index.php\/wp-json\/wp\/v2\/posts\/7335\/revisions"}],"predecessor-version":[{"id":7339,"href":"https:\/\/infogandia.es\/index.php\/wp-json\/wp\/v2\/posts\/7335\/revisions\/7339"}],"wp:featuredmedia":[{"embeddable":true,"href":"https:\/\/infogandia.es\/index.php\/wp-json\/wp\/v2\/media\/7336"}],"wp:attachment":[{"href":"https:\/\/infogandia.es\/index.php\/wp-json\/wp\/v2\/media?parent=7335"}],"wp:term":[{"taxonomy":"category","embeddable":true,"href":"https:\/\/infogandia.es\/index.php\/wp-json\/wp\/v2\/categories?post=7335"},{"taxonomy":"post_tag","embeddable":true,"href":"https:\/\/infogandia.es\/index.php\/wp-json\/wp\/v2\/tags?post=7335"}],"curies":[{"name":"wp","href":"https:\/\/api.w.org\/{rel}","templated":true}]}}