{"id":7432,"date":"2025-10-31T09:53:16","date_gmt":"2025-10-31T09:53:16","guid":{"rendered":"https:\/\/infogandia.es\/?p=7432"},"modified":"2025-10-31T09:53:17","modified_gmt":"2025-10-31T09:53:17","slug":"el-pp-acusa-a-prieto-de-vender-humo-con-reuniones-vacias-con-renfe-mientras-continua-el-malestar-por-la-conexion-ferroviaria-con-valencia","status":"publish","type":"post","link":"https:\/\/infogandia.es\/index.php\/2025\/10\/31\/el-pp-acusa-a-prieto-de-vender-humo-con-reuniones-vacias-con-renfe-mientras-continua-el-malestar-por-la-conexion-ferroviaria-con-valencia\/","title":{"rendered":"El PP acusa a Prieto de \u201cvender humo\u201d con reuniones vac\u00edas con Renfe, mientras contin\u00faa el malestar por la conexi\u00f3n ferroviaria con Val\u00e8ncia"},"content":{"rendered":"\n<p>El portavoz del Grupo Municipal Popular, V\u00edctor Soler, ha arremetido contra el alcalde socialista de Gandia, Jos\u00e9 Manuel Prieto, al que acusa de \u201cvender humo\u201d con reuniones \u201cinfructuosas\u201d con Renfe y Adif, mientras la situaci\u00f3n del transporte ferroviario con Val\u00e8ncia \u201cempeora cada d\u00eda\u201d.<\/p>\n\n\n\n<p>Soler ha calificado de \u201cburla\u201d las declaraciones del alcalde, quien hab\u00eda definido la suspensi\u00f3n temporal de seis trenes diarios con destino a Val\u00e8ncia como una \u201ccircunstancia sobrevenida\u201d. El dirigente popular considera que se trata de una \u201cexcusa inaceptable\u201d y que los usuarios del Cercan\u00edas llevan tiempo exigiendo soluciones ante un servicio \u201ccada vez m\u00e1s deficiente\u201d.<\/p>\n\n\n\n<p>El portavoz del PP ha recordado diversas reuniones anunciadas por Prieto desde 2021, supuestamente encaminadas a mejorar la l\u00ednea C1, pero que \u2014seg\u00fan afirma\u2014 \u201cno han dado resultados tangibles\u201d. Soler ha se\u00f1alado fechas concretas, como la del 20 de octubre de 2021, cuando el alcalde anunci\u00f3 un encuentro urgente con el presidente de Renfe, o la del 19 de febrero de este a\u00f1o, \u201cque se ha traducido en m\u00e1s recortes del servicio\u201d.<\/p>\n\n\n\n<p>\u201cLas reuniones de Prieto son un cuento chino que definen su forma de gobernar: siempre dispuesto para la foto, pero nunca para tomar decisiones\u201d, ha declarado Soler, quien acusa al alcalde de \u201cenga\u00f1ar a los ciudadanos con v\u00eddeos y anuncios vac\u00edos\u201d mientras \u201csiguen pagando los impuestos m\u00e1s altos de Espa\u00f1a sin disponer de un transporte p\u00fablico digno\u201d.<\/p>\n\n\n\n<p>M\u00e1s all\u00e1 del enfrentamiento pol\u00edtico, la cr\u00edtica del PP vuelve a poner sobre la mesa un problema de fondo que afecta de forma directa a centenares de usuarios diarios: <strong>la precariedad del servicio de Cercan\u00edas en la l\u00ednea Gandia-Val\u00e8ncia<\/strong>, caracterizada por retrasos, supresiones y saturaci\u00f3n en horas punta. El malestar ciudadano crece, y los anuncios institucionales \u2014tanto del Ayuntamiento como del Gobierno central\u2014 parecen no traducirse a\u00fan en mejoras concretas sobre la v\u00eda.<\/p>\n","protected":false},"excerpt":{"rendered":"<p>El portavoz del Grupo Municipal Popular, V\u00edctor Soler, ha arremetido contra el alcalde socialista de Gandia, Jos\u00e9 Manuel Prieto, al que acusa de \u201cvender humo\u201d con reuniones \u201cinfructuosas\u201d con Renfe y Adif, mientras la situaci\u00f3n del transporte ferroviario con Val\u00e8ncia \u201cempeora cada d\u00eda\u201d. Soler ha calificado de \u201cburla\u201d las declaraciones del alcalde, quien hab\u00eda definido&#8230;<\/p>\n","protected":false},"author":1,"featured_media":7433,"comment_status":"open","ping_status":"open","sticky":false,"template":"","format":"standard","meta":{"footnotes":""},"categories":[1,3],"tags":[],"class_list":["post-7432","post","type-post","status-publish","format-standard","has-post-thumbnail","hentry","category-actualidad","category-politica"],"_links":{"self":[{"href":"https:\/\/infogandia.es\/index.php\/wp-json\/wp\/v2\/posts\/7432","targetHints":{"allow":["GET"]}}],"collection":[{"href":"https:\/\/infogandia.es\/index.php\/wp-json\/wp\/v2\/posts"}],"about":[{"href":"https:\/\/infogandia.es\/index.php\/wp-json\/wp\/v2\/types\/post"}],"author":[{"embeddable":true,"href":"https:\/\/infogandia.es\/index.php\/wp-json\/wp\/v2\/users\/1"}],"replies":[{"embeddable":true,"href":"https:\/\/infogandia.es\/index.php\/wp-json\/wp\/v2\/comments?post=7432"}],"version-history":[{"count":1,"href":"https:\/\/infogandia.es\/index.php\/wp-json\/wp\/v2\/posts\/7432\/revisions"}],"predecessor-version":[{"id":7434,"href":"https:\/\/infogandia.es\/index.php\/wp-json\/wp\/v2\/posts\/7432\/revisions\/7434"}],"wp:featuredmedia":[{"embeddable":true,"href":"https:\/\/infogandia.es\/index.php\/wp-json\/wp\/v2\/media\/7433"}],"wp:attachment":[{"href":"https:\/\/infogandia.es\/index.php\/wp-json\/wp\/v2\/media?parent=7432"}],"wp:term":[{"taxonomy":"category","embeddable":true,"href":"https:\/\/infogandia.es\/index.php\/wp-json\/wp\/v2\/categories?post=7432"},{"taxonomy":"post_tag","embeddable":true,"href":"https:\/\/infogandia.es\/index.php\/wp-json\/wp\/v2\/tags?post=7432"}],"curies":[{"name":"wp","href":"https:\/\/api.w.org\/{rel}","templated":true}]}}