{"id":7446,"date":"2025-11-03T16:28:51","date_gmt":"2025-11-03T16:28:51","guid":{"rendered":"https:\/\/infogandia.es\/?p=7446"},"modified":"2025-11-03T16:28:52","modified_gmt":"2025-11-03T16:28:52","slug":"prision-para-la-conductora-implicada-en-el-accidente-mortal-del-puerto-de-gandia","status":"publish","type":"post","link":"https:\/\/infogandia.es\/index.php\/2025\/11\/03\/prision-para-la-conductora-implicada-en-el-accidente-mortal-del-puerto-de-gandia\/","title":{"rendered":"Prisi\u00f3n para la conductora implicada en el accidente mortal del Puerto de Gandia"},"content":{"rendered":"\n<p>La <strong>conductora de 25 a\u00f1os y nacionalidad brasile\u00f1a<\/strong> ha ingresado en prisi\u00f3n provisional sin fianza por orden del <strong>Juzgado de Instrucci\u00f3n n\u00famero 1 de Gandia<\/strong>, en funciones de guardia. La joven est\u00e1 acusada de <strong>homicidio por imprudencia grave<\/strong> y de <strong>conducir bajo los efectos del alcohol y las drogas<\/strong>.<\/p>\n\n\n\n<p>Los hechos ocurrieron el pasado jueves, cuando el veh\u00edculo que la acusada hab\u00eda alquilado junto a una amiga, tambi\u00e9n de nacionalidad brasile\u00f1a y de 38 a\u00f1os, <strong>se precipit\u00f3 al mar en el puerto de Gandia<\/strong>. Como resultado del accidente, la copiloto perdi\u00f3 la vida, mientras que la conductora logr\u00f3 salir con vida y fue detenida esa misma noche.<\/p>\n\n\n\n<p>Tras la finalizaci\u00f3n del atestado policial, la joven fue puesta ayer domingo a disposici\u00f3n judicial, dentro del plazo legal de 72 horas de detenci\u00f3n. Durante su comparecencia ante el juez, <strong>se acogi\u00f3 a su derecho a no declarar<\/strong>, y el magistrado decret\u00f3 su <strong>ingreso en prisi\u00f3n provisional sin posibilidad de fianza<\/strong> mientras contin\u00faa la investigaci\u00f3n del caso.<\/p>\n\n\n\n<p><\/p>\n","protected":false},"excerpt":{"rendered":"<p>La conductora de 25 a\u00f1os y nacionalidad brasile\u00f1a ha ingresado en prisi\u00f3n provisional sin fianza por orden del Juzgado de Instrucci\u00f3n n\u00famero 1 de Gandia, en funciones de guardia. La joven est\u00e1 acusada de homicidio por imprudencia grave y de conducir bajo los efectos del alcohol y las drogas. Los hechos ocurrieron el pasado jueves,&#8230;<\/p>\n","protected":false},"author":1,"featured_media":4294,"comment_status":"open","ping_status":"open","sticky":false,"template":"","format":"standard","meta":{"footnotes":""},"categories":[1],"tags":[],"class_list":["post-7446","post","type-post","status-publish","format-standard","has-post-thumbnail","hentry","category-actualidad"],"_links":{"self":[{"href":"https:\/\/infogandia.es\/index.php\/wp-json\/wp\/v2\/posts\/7446","targetHints":{"allow":["GET"]}}],"collection":[{"href":"https:\/\/infogandia.es\/index.php\/wp-json\/wp\/v2\/posts"}],"about":[{"href":"https:\/\/infogandia.es\/index.php\/wp-json\/wp\/v2\/types\/post"}],"author":[{"embeddable":true,"href":"https:\/\/infogandia.es\/index.php\/wp-json\/wp\/v2\/users\/1"}],"replies":[{"embeddable":true,"href":"https:\/\/infogandia.es\/index.php\/wp-json\/wp\/v2\/comments?post=7446"}],"version-history":[{"count":1,"href":"https:\/\/infogandia.es\/index.php\/wp-json\/wp\/v2\/posts\/7446\/revisions"}],"predecessor-version":[{"id":7447,"href":"https:\/\/infogandia.es\/index.php\/wp-json\/wp\/v2\/posts\/7446\/revisions\/7447"}],"wp:featuredmedia":[{"embeddable":true,"href":"https:\/\/infogandia.es\/index.php\/wp-json\/wp\/v2\/media\/4294"}],"wp:attachment":[{"href":"https:\/\/infogandia.es\/index.php\/wp-json\/wp\/v2\/media?parent=7446"}],"wp:term":[{"taxonomy":"category","embeddable":true,"href":"https:\/\/infogandia.es\/index.php\/wp-json\/wp\/v2\/categories?post=7446"},{"taxonomy":"post_tag","embeddable":true,"href":"https:\/\/infogandia.es\/index.php\/wp-json\/wp\/v2\/tags?post=7446"}],"curies":[{"name":"wp","href":"https:\/\/api.w.org\/{rel}","templated":true}]}}