{"id":7506,"date":"2025-11-11T16:59:29","date_gmt":"2025-11-11T16:59:29","guid":{"rendered":"https:\/\/infogandia.es\/?p=7506"},"modified":"2025-11-11T16:59:29","modified_gmt":"2025-11-11T16:59:29","slug":"art-al-quadrat-impulsa-un-ciclo-de-proyecciones-en-defensa-de-la-memoria-democratica","status":"publish","type":"post","link":"https:\/\/infogandia.es\/index.php\/2025\/11\/11\/art-al-quadrat-impulsa-un-ciclo-de-proyecciones-en-defensa-de-la-memoria-democratica\/","title":{"rendered":"Art al Quadrat impulsa un ciclo de proyecciones en defensa de la memoria democr\u00e1tica"},"content":{"rendered":"\n<p>El colectivo <strong>Art al Quadrat Derechos Humanos<\/strong>, con el respaldo de la <strong>Diputaci\u00f3 de Val\u00e8ncia<\/strong> y el apoyo de diversas entidades culturales y acad\u00e9micas, ha anunciado un <strong>ciclo de cuatro proyecciones-conferencias<\/strong> de su obra audiovisual <em>\u201cDe Coros, Danzas y Desmemoria\u201d<\/em>.<\/p>\n\n\n\n<p>Este evento itinerante recorrer\u00e1 distintos municipios de la provincia de Valencia, con el objetivo de <strong>reivindicar la memoria democr\u00e1tica y la dignidad de las v\u00edctimas de la Guerra Civil y la Dictadura<\/strong>, en un contexto donde los discursos negacionistas y revisionistas vuelven a ganar presencia en el debate p\u00fablico.<\/p>\n\n\n\n<blockquote class=\"wp-block-quote is-layout-flow wp-block-quote-is-layout-flow\">\n<p>\u201cLa memoria no es una cuesti\u00f3n del pasado, sino un pilar activo e irrenunciable para la consolidaci\u00f3n de los valores democr\u00e1ticos\u201d, destacan las autoras, <strong>M\u00f3nica y Gema del Rey Jord\u00e1<\/strong>, integrantes de Art al Quadrat.<\/p>\n<\/blockquote>\n\n\n\n<h3 class=\"wp-block-heading\">Agenda de proyecciones<\/h3>\n\n\n\n<figure class=\"wp-block-table\"><table class=\"has-fixed-layout\"><thead><tr><th>Fecha<\/th><th>Hora<\/th><th>Localidad \/ Acto<\/th><th>Ubicaci\u00f3n<\/th><\/tr><\/thead><tbody><tr><td><strong>8 de noviembre<\/strong><\/td><td>17:45 h<\/td><td>Gandia \u2013 Jornada Memorialista<\/td><td><em>La Marell\u00e0. Espai Artesanal i Etnogr\u00e0fic, C\/ Benicanena, 21 drt.<\/em><\/td><\/tr><tr><td><strong>12 de noviembre<\/strong><\/td><td>18:30 h<\/td><td>Pu\u00e7ol \u2013 Homenaje a Lola Pineda<\/td><td><em>CEAM, Pla\u00e7a Comunitat Valenciana, 22<\/em><\/td><\/tr><tr><td><strong>21 de noviembre<\/strong><\/td><td>18:30 h<\/td><td>Canet de Berenguer \u2013 Actos 25N contra la violencia a las mujeres<\/td><td><em>Casa dels Llano. Sala Polivalent, C\/ de les Parres, 6<\/em><\/td><\/tr><tr><td><strong>3 de diciembre<\/strong><\/td><td>12:30 h<\/td><td>Val\u00e8ncia \u2013 Auditorio Alfons Roig<\/td><td><em>Facultat de Belles Arts Sant Carles (UPV), Cam\u00ed de Vera s\/n<\/em><\/td><\/tr><\/tbody><\/table><\/figure>\n\n\n\n<h3 class=\"wp-block-heading\"><\/h3>\n\n\n\n<ul class=\"wp-block-list\">\n<li><strong>Organiza:<\/strong> Art al Quadrat DDHH<\/li>\n\n\n\n<li><strong>Financia:<\/strong> Diputaci\u00f3 de Val\u00e8ncia<\/li>\n\n\n\n<li><strong>Obra financiada por:<\/strong> Secretar\u00eda de Estado de Memoria Democr\u00e1tica, Gobierno de Arag\u00f3n y Generalitat Valenciana<\/li>\n\n\n\n<li><strong>Colaboran:<\/strong> Universitat Polit\u00e8cnica de Val\u00e8ncia (UPV) y Ajuntament de Canet de Berenguer<\/li>\n<\/ul>\n\n\n\n<p>Para m\u00e1s informaci\u00f3n:<br>\ud83c\udf10 <a href=\"http:\/\/www.artalquadrat.net\">www.artalquadrat.net<\/a><br>\ud83d\udce9 <a href=\"mailto:difusionartalquadrat@gmail.com\">difusionartalquadrat@gmail.com<\/a><br>\ud83d\udcde 669183604 \/ 659863965<\/p>\n","protected":false},"excerpt":{"rendered":"<p>El colectivo Art al Quadrat Derechos Humanos, con el respaldo de la Diputaci\u00f3 de Val\u00e8ncia y el apoyo de diversas entidades culturales y acad\u00e9micas, ha anunciado un ciclo de cuatro proyecciones-conferencias de su obra audiovisual \u201cDe Coros, Danzas y Desmemoria\u201d. Este evento itinerante recorrer\u00e1 distintos municipios de la provincia de Valencia, con el objetivo de&#8230;<\/p>\n","protected":false},"author":1,"featured_media":7507,"comment_status":"open","ping_status":"open","sticky":false,"template":"","format":"standard","meta":{"footnotes":""},"categories":[1],"tags":[],"class_list":["post-7506","post","type-post","status-publish","format-standard","has-post-thumbnail","hentry","category-actualidad"],"_links":{"self":[{"href":"https:\/\/infogandia.es\/index.php\/wp-json\/wp\/v2\/posts\/7506","targetHints":{"allow":["GET"]}}],"collection":[{"href":"https:\/\/infogandia.es\/index.php\/wp-json\/wp\/v2\/posts"}],"about":[{"href":"https:\/\/infogandia.es\/index.php\/wp-json\/wp\/v2\/types\/post"}],"author":[{"embeddable":true,"href":"https:\/\/infogandia.es\/index.php\/wp-json\/wp\/v2\/users\/1"}],"replies":[{"embeddable":true,"href":"https:\/\/infogandia.es\/index.php\/wp-json\/wp\/v2\/comments?post=7506"}],"version-history":[{"count":1,"href":"https:\/\/infogandia.es\/index.php\/wp-json\/wp\/v2\/posts\/7506\/revisions"}],"predecessor-version":[{"id":7508,"href":"https:\/\/infogandia.es\/index.php\/wp-json\/wp\/v2\/posts\/7506\/revisions\/7508"}],"wp:featuredmedia":[{"embeddable":true,"href":"https:\/\/infogandia.es\/index.php\/wp-json\/wp\/v2\/media\/7507"}],"wp:attachment":[{"href":"https:\/\/infogandia.es\/index.php\/wp-json\/wp\/v2\/media?parent=7506"}],"wp:term":[{"taxonomy":"category","embeddable":true,"href":"https:\/\/infogandia.es\/index.php\/wp-json\/wp\/v2\/categories?post=7506"},{"taxonomy":"post_tag","embeddable":true,"href":"https:\/\/infogandia.es\/index.php\/wp-json\/wp\/v2\/tags?post=7506"}],"curies":[{"name":"wp","href":"https:\/\/api.w.org\/{rel}","templated":true}]}}