{"id":7513,"date":"2025-11-11T17:36:38","date_gmt":"2025-11-11T17:36:38","guid":{"rendered":"https:\/\/infogandia.es\/?p=7513"},"modified":"2025-11-11T17:38:00","modified_gmt":"2025-11-11T17:38:00","slug":"gandia-se-prepara-para-la-vi-edicion-de-la-cursa-de-les-empreses-de-la-safor-esic","status":"publish","type":"post","link":"https:\/\/infogandia.es\/index.php\/2025\/11\/11\/gandia-se-prepara-para-la-vi-edicion-de-la-cursa-de-les-empreses-de-la-safor-esic\/","title":{"rendered":"Gandia se prepara para la VI edici\u00f3n de la Cursa de les Empreses de la Safor-ESIC"},"content":{"rendered":"\n<p>Este domingo 16 de noviembre, a partir de las 09:30 horas, se celebrar\u00e1 la <strong>sexta edici\u00f3n de la Cursa de les Empreses de la Safor-ESIC<\/strong>, un evento que combina deporte, compa\u00f1erismo y networking, consolidado como uno de los referentes de la comarca en actividades corporativas y de bienestar laboral. La salida y la meta estar\u00e1n situadas en la <strong>Avenida dels Esports<\/strong>, frente al colegio Gregori Mayans, y el recorrido de aproximadamente <strong>6 km<\/strong> transcurrir\u00e1 por el barrio de Corea y el centro de la ciudad.<\/p>\n\n\n\n<p>La concejala de Empresas y Empleo, <strong>Elena Moncho<\/strong>, ha destacado que la participaci\u00f3n ha crecido un <strong>15 % respecto al a\u00f1o anterior<\/strong>, superando las <strong>2.500 inscripciones<\/strong> de empleados de m\u00e1s de <strong>120 empresas<\/strong> de la comarca. \u201cNos alegra ver que participan tanto grandes empresas como peque\u00f1as compa\u00f1\u00edas de 1 a 4 personas, lo que refleja la creciente conciencia sobre la salud y el bienestar de los trabajadores\u201d, ha se\u00f1alado. Moncho tambi\u00e9n ha resaltado la <strong>alta participaci\u00f3n femenina<\/strong>, que este a\u00f1o supera a la masculina, y ha recordado la importancia del <strong>desfile de empresas<\/strong>, en el que todos los equipos posar\u00e1n juntos para la foto oficial.<\/p>\n\n\n\n<p>Por su parte, el concejal de Deportes, <strong>Jes\u00fas Naveiro<\/strong>, ha subrayado que la carrera est\u00e1 <strong>abierta a todos los niveles f\u00edsicos<\/strong>, pudi\u00e9ndose completar corriendo o caminando. \u201cEs un d\u00eda de deporte, diversi\u00f3n y convivencia entre empresas\u201d, ha indicado, destacando la colaboraci\u00f3n de asociaciones del barrio de Corea, como la <strong>Asociaci\u00f3n de Vecinos, el Consejo de J\u00f3venes y las fallas del barrio<\/strong>. Este a\u00f1o se ha incorporado un <strong>tren de salida m\u00e1s organizado<\/strong> y una <strong>vuelta de reconocimiento previa a la carrera<\/strong> para que todas las empresas participantes puedan lucir sus camisetas, algunas de las cuales optar\u00e1n al premio a la m\u00e1s original.<\/p>\n\n\n\n<p><strong>Vicent Bosc\u00e0<\/strong>, presidente del CA Safor Teika, ha explicado que los dorsales se podr\u00e1n recoger el <strong>s\u00e1bado 15 de noviembre, de 18:00 a 20:30 horas<\/strong>, en la nueva sede del club (Avenida del Grau, 42), y el mismo domingo de 7:30 a 8:30 horas en la zona de salida-meta. La jornada incluir\u00e1 tambi\u00e9n la <strong>entrega de trofeos, bolsas del participante, premios individuales y por equipos<\/strong>, as\u00ed como un <strong>almuerzo valenciano amenizado por DJ Silencioso<\/strong>, fomentando la interacci\u00f3n entre profesionales en un ambiente relajado y festivo.<\/p>\n\n\n\n<p>El recorrido de la carrera abarcar\u00e1 <strong>calles y zonas emblem\u00e1ticas de Gandia<\/strong>, pasando por la Plaza Mayor, Carrer Major, Plaza Escoles Pies, barrio del Raval, Carrer Oliva, Parc d\u2019\u00c0usias March, pasarela del r\u00edo Serpis, Palau y Carrer Carmelites hasta la meta en la Avenida dels Esports. Los participantes pueden consultar todos los detalles del recorrido, reglamento y premios en la <strong>web oficial de la Cursa de les Empreses de la Safor-ESIC<\/strong>: <a href=\"https:\/\/cursaempresessafor.com\">https:\/\/cursaempresessafor.com<\/a> y en sus redes sociales.<\/p>\n\n\n\n<p>La Cursa de les Empreses de la Safor-ESIC cuenta con la colaboraci\u00f3n de <strong>ESIC Business &amp; Marketing School, Ayuntamiento de Gandia, FAES, empresas patrocinadoras y asociaciones del barrio de Corea<\/strong>, consolid\u00e1ndose como un evento que <strong>promueve la pr\u00e1ctica deportiva, la cohesi\u00f3n empresarial y el bienestar colectivo<\/strong>.<\/p>\n\n\n\n<p><\/p>\n","protected":false},"excerpt":{"rendered":"<p>Este domingo 16 de noviembre, a partir de las 09:30 horas, se celebrar\u00e1 la sexta edici\u00f3n de la Cursa de les Empreses de la Safor-ESIC, un evento que combina deporte, compa\u00f1erismo y networking, consolidado como uno de los referentes de la comarca en actividades corporativas y de bienestar laboral. La salida y la meta estar\u00e1n&#8230;<\/p>\n","protected":false},"author":1,"featured_media":7514,"comment_status":"open","ping_status":"open","sticky":false,"template":"","format":"standard","meta":{"footnotes":""},"categories":[1,4],"tags":[],"class_list":["post-7513","post","type-post","status-publish","format-standard","has-post-thumbnail","hentry","category-actualidad","category-deporte"],"_links":{"self":[{"href":"https:\/\/infogandia.es\/index.php\/wp-json\/wp\/v2\/posts\/7513","targetHints":{"allow":["GET"]}}],"collection":[{"href":"https:\/\/infogandia.es\/index.php\/wp-json\/wp\/v2\/posts"}],"about":[{"href":"https:\/\/infogandia.es\/index.php\/wp-json\/wp\/v2\/types\/post"}],"author":[{"embeddable":true,"href":"https:\/\/infogandia.es\/index.php\/wp-json\/wp\/v2\/users\/1"}],"replies":[{"embeddable":true,"href":"https:\/\/infogandia.es\/index.php\/wp-json\/wp\/v2\/comments?post=7513"}],"version-history":[{"count":2,"href":"https:\/\/infogandia.es\/index.php\/wp-json\/wp\/v2\/posts\/7513\/revisions"}],"predecessor-version":[{"id":7516,"href":"https:\/\/infogandia.es\/index.php\/wp-json\/wp\/v2\/posts\/7513\/revisions\/7516"}],"wp:featuredmedia":[{"embeddable":true,"href":"https:\/\/infogandia.es\/index.php\/wp-json\/wp\/v2\/media\/7514"}],"wp:attachment":[{"href":"https:\/\/infogandia.es\/index.php\/wp-json\/wp\/v2\/media?parent=7513"}],"wp:term":[{"taxonomy":"category","embeddable":true,"href":"https:\/\/infogandia.es\/index.php\/wp-json\/wp\/v2\/categories?post=7513"},{"taxonomy":"post_tag","embeddable":true,"href":"https:\/\/infogandia.es\/index.php\/wp-json\/wp\/v2\/tags?post=7513"}],"curies":[{"name":"wp","href":"https:\/\/api.w.org\/{rel}","templated":true}]}}