{"id":7547,"date":"2025-11-13T15:20:54","date_gmt":"2025-11-13T15:20:54","guid":{"rendered":"https:\/\/infogandia.es\/?p=7547"},"modified":"2025-11-13T15:20:55","modified_gmt":"2025-11-13T15:20:55","slug":"gandia-acoge-consciencia-en-verd-la-exposicion-de-valenciaport-que-une-humor-y-conciencia-ambiental","status":"publish","type":"post","link":"https:\/\/infogandia.es\/index.php\/2025\/11\/13\/gandia-acoge-consciencia-en-verd-la-exposicion-de-valenciaport-que-une-humor-y-conciencia-ambiental\/","title":{"rendered":"Gandia acoge \u2018Consci\u00e8ncia en verd\u2019, la exposici\u00f3n de Valenciaport que une humor y conciencia ambiental"},"content":{"rendered":"\n<p>La <strong>Sala Tossal<\/strong> del Centro Internacional de la Universitat de Val\u00e8ncia en Gandia acoge la exposici\u00f3n <strong>\u2018Consci\u00e8ncia en verd\u2019<\/strong>, una muestra que combina <strong>arte, humor e iron\u00eda<\/strong> para fomentar la conciencia sobre el cuidado del medio ambiente. La exposici\u00f3n, de <strong>entrada gratuita<\/strong>, podr\u00e1 visitarse hasta el <strong>11 de enero de 2026<\/strong>.<\/p>\n\n\n\n<p>Tras su paso por el <strong>Edificio del Reloj del Puerto de Val\u00e8ncia<\/strong> y la <strong>Casa de Cultura Mario Monreal de Sagunto<\/strong>, la muestra llega a Gandia con el objetivo de acercar el <strong>humor gr\u00e1fico y la sostenibilidad<\/strong> a todo tipo de p\u00fablicos.<\/p>\n\n\n\n<p>La exposici\u00f3n incluye un <strong>recorrido por vi\u00f1etas ic\u00f3nicas<\/strong>, desde <strong>Mafalda<\/strong>, la famosa creaci\u00f3n de Quino, hasta obras de humoristas y vi\u00f1etistas nacionales e internacionales. Cada pieza busca <strong>provocar una sonrisa y, al mismo tiempo, invitar a reflexionar<\/strong> sobre la relaci\u00f3n de la sociedad con el planeta.<\/p>\n\n\n\n<p>La inauguraci\u00f3n cont\u00f3 con la presencia de <strong>Balbina Sendra<\/strong>, concejala de Cultura, Pol\u00edtica Festiva, Turismo y Bibliotecas del Ayuntamiento de Gandia; <strong>Marta Villalonga<\/strong>, jefa de gabinete de la Presidencia de la Autoridad Portuaria de Val\u00e8ncia; y <strong>Ester Med\u00e1n<\/strong>, comisaria de la exposici\u00f3n. Balbina Sendra destac\u00f3 la importancia de educar a los m\u00e1s j\u00f3venes de manera did\u00e1ctica sobre la sostenibilidad y subray\u00f3 la estrecha colaboraci\u00f3n entre Gandia y la Autoridad Portuaria de Val\u00e8ncia.<\/p>\n\n\n\n<p>Marta Villalonga se\u00f1al\u00f3 que \u201ccada obra busca sorprender y provocar una sonrisa, pero tambi\u00e9n invita a pensar en la forma en que nos relacionamos con el planeta\u201d, mientras que Ester Med\u00e1n a\u00f1adi\u00f3 que \u201cel humor es capaz de transmitir ideas complejas de manera sencilla y cercana, demostrando que reflexionar sobre el planeta puede ser divertido y accesible para todos\u201d.<\/p>\n","protected":false},"excerpt":{"rendered":"<p>La Sala Tossal del Centro Internacional de la Universitat de Val\u00e8ncia en Gandia acoge la exposici\u00f3n \u2018Consci\u00e8ncia en verd\u2019, una muestra que combina arte, humor e iron\u00eda para fomentar la conciencia sobre el cuidado del medio ambiente. La exposici\u00f3n, de entrada gratuita, podr\u00e1 visitarse hasta el 11 de enero de 2026. Tras su paso por&#8230;<\/p>\n","protected":false},"author":1,"featured_media":7548,"comment_status":"open","ping_status":"open","sticky":false,"template":"","format":"standard","meta":{"footnotes":""},"categories":[1],"tags":[],"class_list":["post-7547","post","type-post","status-publish","format-standard","has-post-thumbnail","hentry","category-actualidad"],"_links":{"self":[{"href":"https:\/\/infogandia.es\/index.php\/wp-json\/wp\/v2\/posts\/7547","targetHints":{"allow":["GET"]}}],"collection":[{"href":"https:\/\/infogandia.es\/index.php\/wp-json\/wp\/v2\/posts"}],"about":[{"href":"https:\/\/infogandia.es\/index.php\/wp-json\/wp\/v2\/types\/post"}],"author":[{"embeddable":true,"href":"https:\/\/infogandia.es\/index.php\/wp-json\/wp\/v2\/users\/1"}],"replies":[{"embeddable":true,"href":"https:\/\/infogandia.es\/index.php\/wp-json\/wp\/v2\/comments?post=7547"}],"version-history":[{"count":1,"href":"https:\/\/infogandia.es\/index.php\/wp-json\/wp\/v2\/posts\/7547\/revisions"}],"predecessor-version":[{"id":7549,"href":"https:\/\/infogandia.es\/index.php\/wp-json\/wp\/v2\/posts\/7547\/revisions\/7549"}],"wp:featuredmedia":[{"embeddable":true,"href":"https:\/\/infogandia.es\/index.php\/wp-json\/wp\/v2\/media\/7548"}],"wp:attachment":[{"href":"https:\/\/infogandia.es\/index.php\/wp-json\/wp\/v2\/media?parent=7547"}],"wp:term":[{"taxonomy":"category","embeddable":true,"href":"https:\/\/infogandia.es\/index.php\/wp-json\/wp\/v2\/categories?post=7547"},{"taxonomy":"post_tag","embeddable":true,"href":"https:\/\/infogandia.es\/index.php\/wp-json\/wp\/v2\/tags?post=7547"}],"curies":[{"name":"wp","href":"https:\/\/api.w.org\/{rel}","templated":true}]}}