{"id":7550,"date":"2025-11-14T16:21:02","date_gmt":"2025-11-14T16:21:02","guid":{"rendered":"https:\/\/infogandia.es\/?p=7550"},"modified":"2025-11-14T16:21:02","modified_gmt":"2025-11-14T16:21:02","slug":"otono-literario-homenaje-al-tirant","status":"publish","type":"post","link":"https:\/\/infogandia.es\/index.php\/2025\/11\/14\/otono-literario-homenaje-al-tirant\/","title":{"rendered":"OTO\u00d1O LITERARIO: Homenaje al Tirant"},"content":{"rendered":"\n<p>Hoy, a las 18:30 h y dentro de la programaci\u00f3n del Oto\u00f1o Literario, la plaza Rei Jaume I ser\u00e1 el escenario de una lectura colectiva de fragmentos del <em>Tirant lo Blanc<\/em>. Se trata de una versi\u00f3n reducida y adaptada para los m\u00e1s peque\u00f1os. Ni\u00f1os y ni\u00f1as de las comisiones falleras infantiles, junto con usuarios de las bibliotecas de Gandia, participar\u00e1n en este acto de homenaje al cl\u00e1sico valenciano.<\/p>\n\n\n\n<p>La actividad est\u00e1 organizada por la Junta Local Fallera de Gandia y el IMAB\/Bibliotecas Gandia, y cuenta con la colaboraci\u00f3n de la Escuela de M\u00fasica del Grau de Gandia.<\/p>\n\n\n\n<p><\/p>\n","protected":false},"excerpt":{"rendered":"<p>Hoy, a las 18:30 h y dentro de la programaci\u00f3n del Oto\u00f1o Literario, la plaza Rei Jaume I ser\u00e1 el escenario de una lectura colectiva de fragmentos del Tirant lo Blanc. Se trata de una versi\u00f3n reducida y adaptada para los m\u00e1s peque\u00f1os. Ni\u00f1os y ni\u00f1as de las comisiones falleras infantiles, junto con usuarios de&#8230;<\/p>\n","protected":false},"author":1,"featured_media":7551,"comment_status":"open","ping_status":"open","sticky":false,"template":"","format":"standard","meta":{"footnotes":""},"categories":[1],"tags":[],"class_list":["post-7550","post","type-post","status-publish","format-standard","has-post-thumbnail","hentry","category-actualidad"],"_links":{"self":[{"href":"https:\/\/infogandia.es\/index.php\/wp-json\/wp\/v2\/posts\/7550","targetHints":{"allow":["GET"]}}],"collection":[{"href":"https:\/\/infogandia.es\/index.php\/wp-json\/wp\/v2\/posts"}],"about":[{"href":"https:\/\/infogandia.es\/index.php\/wp-json\/wp\/v2\/types\/post"}],"author":[{"embeddable":true,"href":"https:\/\/infogandia.es\/index.php\/wp-json\/wp\/v2\/users\/1"}],"replies":[{"embeddable":true,"href":"https:\/\/infogandia.es\/index.php\/wp-json\/wp\/v2\/comments?post=7550"}],"version-history":[{"count":1,"href":"https:\/\/infogandia.es\/index.php\/wp-json\/wp\/v2\/posts\/7550\/revisions"}],"predecessor-version":[{"id":7552,"href":"https:\/\/infogandia.es\/index.php\/wp-json\/wp\/v2\/posts\/7550\/revisions\/7552"}],"wp:featuredmedia":[{"embeddable":true,"href":"https:\/\/infogandia.es\/index.php\/wp-json\/wp\/v2\/media\/7551"}],"wp:attachment":[{"href":"https:\/\/infogandia.es\/index.php\/wp-json\/wp\/v2\/media?parent=7550"}],"wp:term":[{"taxonomy":"category","embeddable":true,"href":"https:\/\/infogandia.es\/index.php\/wp-json\/wp\/v2\/categories?post=7550"},{"taxonomy":"post_tag","embeddable":true,"href":"https:\/\/infogandia.es\/index.php\/wp-json\/wp\/v2\/tags?post=7550"}],"curies":[{"name":"wp","href":"https:\/\/api.w.org\/{rel}","templated":true}]}}