{"id":7603,"date":"2025-11-24T16:01:16","date_gmt":"2025-11-24T16:01:16","guid":{"rendered":"https:\/\/infogandia.es\/?p=7603"},"modified":"2025-11-24T16:03:06","modified_gmt":"2025-11-24T16:03:06","slug":"la-vii-gala-de-premios-solidarios-de-info-comarcal-media-reconoce-el-compromiso-social-en-la-safor","status":"publish","type":"post","link":"https:\/\/infogandia.es\/index.php\/2025\/11\/24\/la-vii-gala-de-premios-solidarios-de-info-comarcal-media-reconoce-el-compromiso-social-en-la-safor\/","title":{"rendered":"La VII Gala de Premios Solidarios de Info Comarcal Media reconoce el compromiso social en la Safor"},"content":{"rendered":"\n<p>La s\u00e9ptima edici\u00f3n de la <strong>Gala de Premios Solidarios<\/strong> de Info Comarcal Media reuni\u00f3 a entidades, voluntarios y autoridades en una noche dedicada a homenajear el trabajo social que se desarrolla en Gand\u00eda y la Safor. La gala, presentada por <strong>Iris<\/strong>, comenz\u00f3 con una actuaci\u00f3n del grupo de usuarios de Espurna y continu\u00f3 con un reconocimiento general a todas las asociaciones que trabajan diariamente por el bienestar de las personas m\u00e1s vulnerables.<\/p>\n\n\n\n<figure class=\"wp-block-embed is-type-video is-provider-youtube wp-block-embed-youtube wp-embed-aspect-16-9 wp-has-aspect-ratio\"><div class=\"wp-block-embed__wrapper\">\n<iframe title=\"7\u00aa GRAN GALA DE PREMIOS SOLIDARIOS\" width=\"640\" height=\"360\" src=\"https:\/\/www.youtube.com\/embed\/iYjaPTVJj2o?feature=oembed\" frameborder=\"0\" allow=\"accelerometer; autoplay; clipboard-write; encrypted-media; gyroscope; picture-in-picture; web-share\" referrerpolicy=\"strict-origin-when-cross-origin\" allowfullscreen><\/iframe>\n<\/div><\/figure>\n\n\n\n<p><\/p>\n\n\n\n<figure class=\"wp-block-gallery has-nested-images columns-default is-cropped wp-block-gallery-1 is-layout-flex wp-block-gallery-is-layout-flex\">\n<figure class=\"wp-block-image size-large\"><img fetchpriority=\"high\" decoding=\"async\" width=\"1024\" height=\"683\" data-id=\"7635\" src=\"https:\/\/infogandia.es\/wp-content\/uploads\/2025\/11\/IMG_3029-1024x683.jpg\" alt=\"\" class=\"wp-image-7635\" srcset=\"https:\/\/infogandia.es\/wp-content\/uploads\/2025\/11\/IMG_3029-1024x683.jpg 1024w, https:\/\/infogandia.es\/wp-content\/uploads\/2025\/11\/IMG_3029-300x200.jpg 300w, https:\/\/infogandia.es\/wp-content\/uploads\/2025\/11\/IMG_3029-768x512.jpg 768w, https:\/\/infogandia.es\/wp-content\/uploads\/2025\/11\/IMG_3029-1536x1024.jpg 1536w, https:\/\/infogandia.es\/wp-content\/uploads\/2025\/11\/IMG_3029-600x400.jpg 600w, https:\/\/infogandia.es\/wp-content\/uploads\/2025\/11\/IMG_3029.jpg 1620w\" sizes=\"(max-width: 1024px) 100vw, 1024px\" \/><\/figure>\n\n\n\n<figure class=\"wp-block-image size-large\"><img decoding=\"async\" width=\"1024\" height=\"683\" data-id=\"7641\" src=\"https:\/\/infogandia.es\/wp-content\/uploads\/2025\/11\/IMG_3180-1024x683.jpg\" alt=\"\" class=\"wp-image-7641\" srcset=\"https:\/\/infogandia.es\/wp-content\/uploads\/2025\/11\/IMG_3180-1024x683.jpg 1024w, https:\/\/infogandia.es\/wp-content\/uploads\/2025\/11\/IMG_3180-300x200.jpg 300w, https:\/\/infogandia.es\/wp-content\/uploads\/2025\/11\/IMG_3180-768x512.jpg 768w, https:\/\/infogandia.es\/wp-content\/uploads\/2025\/11\/IMG_3180-1536x1024.jpg 1536w, https:\/\/infogandia.es\/wp-content\/uploads\/2025\/11\/IMG_3180-600x400.jpg 600w, https:\/\/infogandia.es\/wp-content\/uploads\/2025\/11\/IMG_3180.jpg 1620w\" sizes=\"(max-width: 1024px) 100vw, 1024px\" \/><\/figure>\n\n\n\n<figure class=\"wp-block-image size-large\"><img decoding=\"async\" width=\"1024\" height=\"683\" data-id=\"7626\" src=\"https:\/\/infogandia.es\/wp-content\/uploads\/2025\/11\/IMG_2801-1024x683.jpg\" alt=\"\" class=\"wp-image-7626\" srcset=\"https:\/\/infogandia.es\/wp-content\/uploads\/2025\/11\/IMG_2801-1024x683.jpg 1024w, https:\/\/infogandia.es\/wp-content\/uploads\/2025\/11\/IMG_2801-300x200.jpg 300w, https:\/\/infogandia.es\/wp-content\/uploads\/2025\/11\/IMG_2801-768x512.jpg 768w, https:\/\/infogandia.es\/wp-content\/uploads\/2025\/11\/IMG_2801-1536x1024.jpg 1536w, https:\/\/infogandia.es\/wp-content\/uploads\/2025\/11\/IMG_2801-600x400.jpg 600w, https:\/\/infogandia.es\/wp-content\/uploads\/2025\/11\/IMG_2801.jpg 1620w\" sizes=\"(max-width: 1024px) 100vw, 1024px\" \/><\/figure>\n<\/figure>\n\n\n\n<ul class=\"wp-block-list\">\n<li><strong>Alma de Acero<\/strong><br>Recogi\u00f3 el premio <strong>Teo Jim\u00e9nez<\/strong>, por su participaci\u00f3n activa y constante en las acciones solidarias de la asociaci\u00f3n.<\/li>\n<\/ul>\n\n\n\n<ul class=\"wp-block-list\">\n<li><strong>Strong People<\/strong><br>La galardonada fue <strong>Isabel Garc\u00eda Capellino<\/strong>, miembro destacado desde los inicios del proyecto.<\/li>\n\n\n\n<li><strong>Cruz Roja Gand\u00eda<\/strong><br>El reconocimiento fue para <strong>Nelissa Medina<\/strong> y <strong>Amparo Palmer<\/strong>, por su labor en los dispositivos de emergencia tras la DANA.<\/li>\n\n\n\n<li><strong>Asociaci\u00f3n Adri\u00e1n Orchill\u00e9s<\/strong><br>Premi\u00f3 a <strong>Bego\u00f1a Soliva y Jos\u00e9 Fuster<\/strong> (Carnes Fuster) por su colaboraci\u00f3n habitual en campa\u00f1as solidarias.<\/li>\n\n\n\n<li><strong>Asociaci\u00f3n Ucraniana de la Safor<\/strong><br>Premiada <strong>Olesia Nortenko<\/strong>, voluntaria destacada por su apoyo a mujeres refugiadas.<\/li>\n\n\n\n<li><strong>Asociaci\u00f3n Rosa dels Vents<\/strong><br>Reconocimiento para <strong>Rosa Mar\u00eda Fern\u00e1ndez Rosado<\/strong>, voluntaria clave y colaboradora desde 2007.<\/li>\n\n\n\n<li><strong>Parkinson Gand\u00eda-Safor<\/strong><br>Galardonado <strong>Francisco Prieto Alcina<\/strong>, socio implicado y activo en la entidad.<\/li>\n\n\n\n<li><strong>Gaudim<\/strong><br>Premio para <strong>Felipe Hueso Murillo<\/strong>, por su ayuda en la dotaci\u00f3n del aula multisensorial.<\/li>\n<\/ul>\n\n\n\n<figure class=\"wp-block-gallery has-nested-images columns-default is-cropped wp-block-gallery-2 is-layout-flex wp-block-gallery-is-layout-flex\">\n<figure class=\"wp-block-image size-large\"><img loading=\"lazy\" decoding=\"async\" width=\"1024\" height=\"683\" data-id=\"7624\" src=\"https:\/\/infogandia.es\/wp-content\/uploads\/2025\/11\/IMG_2646-1024x683.jpg\" alt=\"\" class=\"wp-image-7624\" srcset=\"https:\/\/infogandia.es\/wp-content\/uploads\/2025\/11\/IMG_2646-1024x683.jpg 1024w, https:\/\/infogandia.es\/wp-content\/uploads\/2025\/11\/IMG_2646-300x200.jpg 300w, https:\/\/infogandia.es\/wp-content\/uploads\/2025\/11\/IMG_2646-768x512.jpg 768w, https:\/\/infogandia.es\/wp-content\/uploads\/2025\/11\/IMG_2646-1536x1024.jpg 1536w, https:\/\/infogandia.es\/wp-content\/uploads\/2025\/11\/IMG_2646-600x400.jpg 600w, https:\/\/infogandia.es\/wp-content\/uploads\/2025\/11\/IMG_2646.jpg 1620w\" sizes=\"(max-width: 1024px) 100vw, 1024px\" \/><\/figure>\n\n\n\n<figure class=\"wp-block-image size-large\"><img loading=\"lazy\" decoding=\"async\" width=\"683\" height=\"1024\" data-id=\"7628\" src=\"https:\/\/infogandia.es\/wp-content\/uploads\/2025\/11\/IMG_2815-683x1024.jpg\" alt=\"\" class=\"wp-image-7628\" srcset=\"https:\/\/infogandia.es\/wp-content\/uploads\/2025\/11\/IMG_2815-683x1024.jpg 683w, https:\/\/infogandia.es\/wp-content\/uploads\/2025\/11\/IMG_2815-200x300.jpg 200w, https:\/\/infogandia.es\/wp-content\/uploads\/2025\/11\/IMG_2815-768x1152.jpg 768w, https:\/\/infogandia.es\/wp-content\/uploads\/2025\/11\/IMG_2815-1024x1536.jpg 1024w, https:\/\/infogandia.es\/wp-content\/uploads\/2025\/11\/IMG_2815-rotated.jpg 1080w\" sizes=\"(max-width: 683px) 100vw, 683px\" \/><\/figure>\n\n\n\n<figure class=\"wp-block-image size-large\"><img loading=\"lazy\" decoding=\"async\" width=\"1024\" height=\"683\" data-id=\"7639\" src=\"https:\/\/infogandia.es\/wp-content\/uploads\/2025\/11\/IMG_3143-1024x683.jpg\" alt=\"\" class=\"wp-image-7639\" srcset=\"https:\/\/infogandia.es\/wp-content\/uploads\/2025\/11\/IMG_3143-1024x683.jpg 1024w, https:\/\/infogandia.es\/wp-content\/uploads\/2025\/11\/IMG_3143-300x200.jpg 300w, https:\/\/infogandia.es\/wp-content\/uploads\/2025\/11\/IMG_3143-768x512.jpg 768w, https:\/\/infogandia.es\/wp-content\/uploads\/2025\/11\/IMG_3143-1536x1024.jpg 1536w, https:\/\/infogandia.es\/wp-content\/uploads\/2025\/11\/IMG_3143-600x400.jpg 600w, https:\/\/infogandia.es\/wp-content\/uploads\/2025\/11\/IMG_3143.jpg 1620w\" sizes=\"(max-width: 1024px) 100vw, 1024px\" \/><\/figure>\n\n\n\n<figure class=\"wp-block-image size-large\"><img loading=\"lazy\" decoding=\"async\" width=\"1024\" height=\"683\" data-id=\"7632\" src=\"https:\/\/infogandia.es\/wp-content\/uploads\/2025\/11\/IMG_2878-1024x683.jpg\" alt=\"\" class=\"wp-image-7632\" srcset=\"https:\/\/infogandia.es\/wp-content\/uploads\/2025\/11\/IMG_2878-1024x683.jpg 1024w, https:\/\/infogandia.es\/wp-content\/uploads\/2025\/11\/IMG_2878-300x200.jpg 300w, https:\/\/infogandia.es\/wp-content\/uploads\/2025\/11\/IMG_2878-768x512.jpg 768w, https:\/\/infogandia.es\/wp-content\/uploads\/2025\/11\/IMG_2878-1536x1024.jpg 1536w, https:\/\/infogandia.es\/wp-content\/uploads\/2025\/11\/IMG_2878-600x400.jpg 600w, https:\/\/infogandia.es\/wp-content\/uploads\/2025\/11\/IMG_2878.jpg 1620w\" sizes=\"(max-width: 1024px) 100vw, 1024px\" \/><\/figure>\n<\/figure>\n\n\n\n<ul class=\"wp-block-list\">\n<li><strong>Auna Inclusi\u00f3n<\/strong><br>Galardonada <strong>Dolors Todol\u00ed Bof\u00ed<\/strong>, vinculada desde hace a\u00f1os a la entidad.<\/li>\n\n\n\n<li><strong>Fundaci\u00f3n Espurna<\/strong><br>Reconocimiento para <strong>Inma Arlandis Ribes<\/strong> y <strong>Alberto Pla Mora<\/strong>, por su constante apoyo a las actividades de la fundaci\u00f3n.<\/li>\n\n\n\n<li><strong>Fundaci\u00f3 Mira\u2019m<\/strong><br>Premiado <strong>Pedro Ansurias Mar\u00edn<\/strong>, por su implicaci\u00f3n en la adecuaci\u00f3n de espacios para personas con autismo.<\/li>\n\n\n\n<li><strong>Astea Safor<\/strong><br>Premio para el proyecto escolar <strong>\u201cEstoy Aqu\u00ed\u201d<\/strong>, realizado por alumnado y docentes del CEIP Mar\u00eda de los \u00c1ngeles Su\u00e1rez de Calder\u00f3n.<\/li>\n\n\n\n<li><strong>Bu\u00f1uelos Sin Fronteras<\/strong><br>Galardonada <strong>Mar\u00eda Capellino Costa<\/strong>, voluntaria imprescindible del comedor social.<\/li>\n\n\n\n<li><strong>Preventorio Infantil Ntra. Sra. del Amparo<\/strong><br>Reconocimiento para <strong>Juan Miguel Lloret<\/strong> por su trayectoria y dedicaci\u00f3n al centro.<\/li>\n\n\n\n<li><strong>AECC Gand\u00eda<\/strong><br>Premio para <strong>Antonia Garc\u00eda P\u00e9rez \u201cTony\u201d<\/strong>, por su fortaleza y compromiso en la lucha contra el c\u00e1ncer.<\/li>\n\n\n\n<li><strong>C\u00e1ritas Interparroquial Gand\u00eda<\/strong><br>Galardonado <strong>Francisco Grau Sala \u201cPaco\u201d<\/strong>, por 17 a\u00f1os de dedicaci\u00f3n y voluntariado.<\/li>\n\n\n\n<li><strong>Next to You (By Bu\u00f1oleras)<\/strong><br>Premio a <strong>Fina Mart\u00edn Molina<\/strong>, fot\u00f3grafa comprometida y colaboradora desde la DANA de 2024.<\/li>\n<\/ul>\n\n\n\n<h2 class=\"wp-block-heading\"><strong>Premio Especial del Jurado<\/strong><\/h2>\n\n\n\n<p>El Premio Especial del Jurado fue para <strong>Dolores Mart\u00ed \u201cLolita\u201d<\/strong>, en reconocimiento a toda una vida entregada al servicio de los dem\u00e1s. Su dedicaci\u00f3n constante, su cercan\u00eda y su compromiso con m\u00faltiples iniciativas sociales la convierten en un referente de solidaridad en la comarca.<\/p>\n\n\n\n<figure class=\"wp-block-gallery has-nested-images columns-default is-cropped wp-block-gallery-3 is-layout-flex wp-block-gallery-is-layout-flex\">\n<figure class=\"wp-block-image size-large\"><img loading=\"lazy\" decoding=\"async\" width=\"1024\" height=\"683\" data-id=\"7647\" src=\"https:\/\/infogandia.es\/wp-content\/uploads\/2025\/11\/IMG_3334-1024x683.jpg\" alt=\"\" class=\"wp-image-7647\" srcset=\"https:\/\/infogandia.es\/wp-content\/uploads\/2025\/11\/IMG_3334-1024x683.jpg 1024w, https:\/\/infogandia.es\/wp-content\/uploads\/2025\/11\/IMG_3334-300x200.jpg 300w, https:\/\/infogandia.es\/wp-content\/uploads\/2025\/11\/IMG_3334-768x512.jpg 768w, https:\/\/infogandia.es\/wp-content\/uploads\/2025\/11\/IMG_3334-1536x1024.jpg 1536w, https:\/\/infogandia.es\/wp-content\/uploads\/2025\/11\/IMG_3334-600x400.jpg 600w, https:\/\/infogandia.es\/wp-content\/uploads\/2025\/11\/IMG_3334.jpg 1620w\" sizes=\"(max-width: 1024px) 100vw, 1024px\" \/><\/figure>\n<\/figure>\n\n\n\n<h3 class=\"wp-block-heading\"><strong>Cierre de la gala<\/strong><\/h3>\n\n\n\n<p>El consejero delegado del Grupo Info Comarcal Media, <strong>Paco Sanz<\/strong>, puso el broche final agradeciendo p\u00fablicamente el trabajo incansable de todas las asociaciones y de las personas premiadas. La velada concluy\u00f3 con la elegante actuaci\u00f3n del <strong>Cuarteto de Cuerda Mnemea<\/strong> y con la tradicional <strong>foto de familia<\/strong>, que reuni\u00f3 sobre el escenario a todos los galardonados de esta VII Gala Solidaria.<\/p>\n\n\n\n<figure class=\"wp-block-gallery has-nested-images columns-default is-cropped wp-block-gallery-4 is-layout-flex wp-block-gallery-is-layout-flex\">\n<figure class=\"wp-block-image size-large\"><img loading=\"lazy\" decoding=\"async\" width=\"1024\" height=\"683\" data-id=\"7625\" src=\"https:\/\/infogandia.es\/wp-content\/uploads\/2025\/11\/IMG_2796-1024x683.jpg\" alt=\"\" class=\"wp-image-7625\" srcset=\"https:\/\/infogandia.es\/wp-content\/uploads\/2025\/11\/IMG_2796-1024x683.jpg 1024w, https:\/\/infogandia.es\/wp-content\/uploads\/2025\/11\/IMG_2796-300x200.jpg 300w, https:\/\/infogandia.es\/wp-content\/uploads\/2025\/11\/IMG_2796-768x512.jpg 768w, https:\/\/infogandia.es\/wp-content\/uploads\/2025\/11\/IMG_2796-1536x1024.jpg 1536w, https:\/\/infogandia.es\/wp-content\/uploads\/2025\/11\/IMG_2796-600x400.jpg 600w, https:\/\/infogandia.es\/wp-content\/uploads\/2025\/11\/IMG_2796.jpg 1620w\" sizes=\"(max-width: 1024px) 100vw, 1024px\" \/><\/figure>\n\n\n\n<figure class=\"wp-block-image size-large\"><img loading=\"lazy\" decoding=\"async\" width=\"1024\" height=\"683\" data-id=\"7648\" src=\"https:\/\/infogandia.es\/wp-content\/uploads\/2025\/11\/IMG_3358-1024x683.jpg\" alt=\"\" class=\"wp-image-7648\" srcset=\"https:\/\/infogandia.es\/wp-content\/uploads\/2025\/11\/IMG_3358-1024x683.jpg 1024w, https:\/\/infogandia.es\/wp-content\/uploads\/2025\/11\/IMG_3358-300x200.jpg 300w, https:\/\/infogandia.es\/wp-content\/uploads\/2025\/11\/IMG_3358-768x512.jpg 768w, https:\/\/infogandia.es\/wp-content\/uploads\/2025\/11\/IMG_3358-1536x1024.jpg 1536w, https:\/\/infogandia.es\/wp-content\/uploads\/2025\/11\/IMG_3358-600x400.jpg 600w, https:\/\/infogandia.es\/wp-content\/uploads\/2025\/11\/IMG_3358.jpg 1620w\" sizes=\"(max-width: 1024px) 100vw, 1024px\" \/><\/figure>\n\n\n\n<figure class=\"wp-block-image size-large\"><img loading=\"lazy\" decoding=\"async\" width=\"1024\" height=\"683\" data-id=\"7642\" src=\"https:\/\/infogandia.es\/wp-content\/uploads\/2025\/11\/IMG_3203-1024x683.jpg\" alt=\"\" class=\"wp-image-7642\" srcset=\"https:\/\/infogandia.es\/wp-content\/uploads\/2025\/11\/IMG_3203-1024x683.jpg 1024w, https:\/\/infogandia.es\/wp-content\/uploads\/2025\/11\/IMG_3203-300x200.jpg 300w, https:\/\/infogandia.es\/wp-content\/uploads\/2025\/11\/IMG_3203-768x512.jpg 768w, https:\/\/infogandia.es\/wp-content\/uploads\/2025\/11\/IMG_3203-1536x1024.jpg 1536w, https:\/\/infogandia.es\/wp-content\/uploads\/2025\/11\/IMG_3203-600x400.jpg 600w, https:\/\/infogandia.es\/wp-content\/uploads\/2025\/11\/IMG_3203.jpg 1620w\" sizes=\"(max-width: 1024px) 100vw, 1024px\" \/><\/figure>\n<\/figure>\n\n\n\n<p><\/p>\n\n\n\n<p><\/p>\n\n\n\n<p>IMAGENES DEL PHOTOCALL<\/p>\n\n\n\n<p>\u2b07\ufe0f\u200b\u2b07\ufe0f\u200b\u2b07\ufe0f\u200b\u2b07\ufe0f\u200b\u2b07\ufe0f\u200b\u2b07\ufe0f\u200b\u2b07\ufe0f\u200b\u2b07\ufe0f\u200b\u2b07\ufe0f\u200b\u2b07\ufe0f\u200b\u2b07\ufe0f\u200b\u2b07\ufe0f\u200b\u2b07\ufe0f\u200b\u2b07\ufe0f\u200b\u2b07\ufe0f\u200b\u2b07\ufe0f\u200b\u2b07\ufe0f\u200b\u2b07\ufe0f\u200b\u2b07\ufe0f\u200b\u2b07\ufe0f\u200b\u2b07\ufe0f<\/p>\n\n\n\n<figure class=\"wp-block-embed\"><div class=\"wp-block-embed__wrapper\">\nhttps:\/\/photos.app.goo.gl\/in8V53PDrXZsWSGz9\n<\/div><\/figure>\n\n\n\n<p>\u2b06\ufe0f\u200b\u2b06\ufe0f\u200b\u2b06\ufe0f\u200b\u2b06\ufe0f\u200b\u2b06\ufe0f\u2b06\ufe0f\u200b\u2b06\ufe0f\u200b\u2b06\ufe0f\u200b\u2b06\ufe0f\u200b\u2b06\ufe0f\u2b06\ufe0f\u200b\u2b06\ufe0f\u200b\u2b06\ufe0f\u200b\u2b06\ufe0f\u200b\u2b06\ufe0f\u2b06\ufe0f\u200b\u2b06\ufe0f\u200b\u2b06\ufe0f\u200b\u2b06\ufe0f\u200b\u2b06\ufe0f<\/p>\n\n\n\n<p><\/p>\n\n\n\n<figure class=\"wp-block-image size-large\"><img loading=\"lazy\" decoding=\"async\" width=\"1024\" height=\"576\" src=\"http:\/\/infogandia.es\/wp-content\/uploads\/2025\/11\/1-1024x576.png\" alt=\"\" class=\"wp-image-7604\" srcset=\"https:\/\/infogandia.es\/wp-content\/uploads\/2025\/11\/1-1024x576.png 1024w, https:\/\/infogandia.es\/wp-content\/uploads\/2025\/11\/1-300x169.png 300w, https:\/\/infogandia.es\/wp-content\/uploads\/2025\/11\/1-768x432.png 768w, https:\/\/infogandia.es\/wp-content\/uploads\/2025\/11\/1-1536x864.png 1536w, https:\/\/infogandia.es\/wp-content\/uploads\/2025\/11\/1.png 1920w\" sizes=\"(max-width: 1024px) 100vw, 1024px\" \/><\/figure>\n","protected":false},"excerpt":{"rendered":"<p>La s\u00e9ptima edici\u00f3n de la Gala de Premios Solidarios de Info Comarcal Media reuni\u00f3 a entidades, voluntarios y autoridades en una noche dedicada a homenajear el trabajo social que se desarrolla en Gand\u00eda y la Safor. La gala, presentada por Iris, comenz\u00f3 con una actuaci\u00f3n del grupo de usuarios de Espurna y continu\u00f3 con un&#8230;<\/p>\n","protected":false},"author":1,"featured_media":7605,"comment_status":"open","ping_status":"open","sticky":false,"template":"","format":"standard","meta":{"footnotes":""},"categories":[1,27],"tags":[],"class_list":["post-7603","post","type-post","status-publish","format-standard","has-post-thumbnail","hentry","category-actualidad","category-sociedad"],"_links":{"self":[{"href":"https:\/\/infogandia.es\/index.php\/wp-json\/wp\/v2\/posts\/7603","targetHints":{"allow":["GET"]}}],"collection":[{"href":"https:\/\/infogandia.es\/index.php\/wp-json\/wp\/v2\/posts"}],"about":[{"href":"https:\/\/infogandia.es\/index.php\/wp-json\/wp\/v2\/types\/post"}],"author":[{"embeddable":true,"href":"https:\/\/infogandia.es\/index.php\/wp-json\/wp\/v2\/users\/1"}],"replies":[{"embeddable":true,"href":"https:\/\/infogandia.es\/index.php\/wp-json\/wp\/v2\/comments?post=7603"}],"version-history":[{"count":3,"href":"https:\/\/infogandia.es\/index.php\/wp-json\/wp\/v2\/posts\/7603\/revisions"}],"predecessor-version":[{"id":7651,"href":"https:\/\/infogandia.es\/index.php\/wp-json\/wp\/v2\/posts\/7603\/revisions\/7651"}],"wp:featuredmedia":[{"embeddable":true,"href":"https:\/\/infogandia.es\/index.php\/wp-json\/wp\/v2\/media\/7605"}],"wp:attachment":[{"href":"https:\/\/infogandia.es\/index.php\/wp-json\/wp\/v2\/media?parent=7603"}],"wp:term":[{"taxonomy":"category","embeddable":true,"href":"https:\/\/infogandia.es\/index.php\/wp-json\/wp\/v2\/categories?post=7603"},{"taxonomy":"post_tag","embeddable":true,"href":"https:\/\/infogandia.es\/index.php\/wp-json\/wp\/v2\/tags?post=7603"}],"curies":[{"name":"wp","href":"https:\/\/api.w.org\/{rel}","templated":true}]}}