{"id":7655,"date":"2025-11-24T16:27:31","date_gmt":"2025-11-24T16:27:31","guid":{"rendered":"https:\/\/infogandia.es\/?p=7655"},"modified":"2025-11-24T16:27:31","modified_gmt":"2025-11-24T16:27:31","slug":"gandia-acogera-la-presentacion-del-libro-sobre-la-municipalizacion-de-la-lucha-contra-la-violencia-de-genero","status":"publish","type":"post","link":"https:\/\/infogandia.es\/index.php\/2025\/11\/24\/gandia-acogera-la-presentacion-del-libro-sobre-la-municipalizacion-de-la-lucha-contra-la-violencia-de-genero\/","title":{"rendered":"Gandia acoger\u00e1 la presentaci\u00f3n del libro sobre la municipalizaci\u00f3n de la lucha contra la violencia de g\u00e9nero"},"content":{"rendered":"\n<p>La concejala delegada de Protecci\u00f3n, Seguridad y Convivencia, Lydia Morant, ha anunciado la presentaci\u00f3n en Gandia del libro <em>Municipalizaci\u00f3n de la lucha contra la violencia de g\u00e9nero<\/em>, escrito por Javier Escoto, concejal de Seguridad Ciudadana, Igualdad y Diversidad del Ayuntamiento de D\u00e9nia. El acto contar\u00e1 tambi\u00e9n con la participaci\u00f3n de Jos\u00e9 Mart\u00ednez Espasa, comisario principal en Gandia, quien anteriormente desempe\u00f1\u00f3 funciones similares en D\u00e9nia.<\/p>\n\n\n\n<p>Morant ha destacado la importancia del libro para visibilizar el papel de los municipios en la lucha contra la violencia de g\u00e9nero. Seg\u00fan la concejala, el texto analiza el trabajo desarrollado por la <strong>Unidad Artemis de la Polic\u00eda Local de D\u00e9nia<\/strong>, que entre 2010 y 2017 atendi\u00f3 233 casos de violencia de g\u00e9nero. \u201cEl libro explica con claridad los mecanismos municipales de atenci\u00f3n, protecci\u00f3n y seguimiento de las v\u00edctimas, y analiza las circunstancias familiares, laborales y sociales que rodean cada caso. Adem\u00e1s, reflexiona sobre c\u00f3mo la proximidad policial se convierte en una herramienta clave para detectar, acompa\u00f1ar y proteger a las v\u00edctimas\u201d, ha se\u00f1alado Morant.<\/p>\n\n\n\n<p>La presentaci\u00f3n se realizar\u00e1 el pr\u00f3ximo <strong>1 de diciembre a las 19:00 horas en la Casa de la Cultura<\/strong>, en un acto conducido por la periodista Marina Vall\u00e9s, donde se ofrecer\u00e1 informaci\u00f3n detallada para quienes deseen profundizar en esta tem\u00e1tica.<\/p>\n\n\n\n<p>La concejala ha subrayado la colaboraci\u00f3n de Jos\u00e9 Mart\u00ednez Espasa y la influencia de su experiencia en D\u00e9nia: \u201cSu enfoque de seguridad basado en la proximidad, el rigor y la coordinaci\u00f3n institucional ha dejado una huella clara en D\u00e9nia y tambi\u00e9n en Gandia, donde hemos reforzado los protocolos relacionados con la violencia de g\u00e9nero y la atenci\u00f3n a las v\u00edctimas\u201d.<\/p>\n\n\n\n<p>Por su parte, Javier Escoto ha resaltado la relevancia del enfoque municipalista del libro, que ofrece una perspectiva pr\u00e1ctica sobre c\u00f3mo los ayuntamientos pueden implementar medidas efectivas m\u00e1s all\u00e1 de las pol\u00edticas estatales. Escoto ha se\u00f1alado la importancia de conocer el perfil de v\u00edctimas y agresores, los factores de riesgo, los tipos de violencia ejercidos y la incidencia de la violencia vicaria, como base para dise\u00f1ar estrategias de prevenci\u00f3n y protecci\u00f3n adaptadas a cada municipio.<\/p>\n","protected":false},"excerpt":{"rendered":"<p>La concejala delegada de Protecci\u00f3n, Seguridad y Convivencia, Lydia Morant, ha anunciado la presentaci\u00f3n en Gandia del libro Municipalizaci\u00f3n de la lucha contra la violencia de g\u00e9nero, escrito por Javier Escoto, concejal de Seguridad Ciudadana, Igualdad y Diversidad del Ayuntamiento de D\u00e9nia. El acto contar\u00e1 tambi\u00e9n con la participaci\u00f3n de Jos\u00e9 Mart\u00ednez Espasa, comisario principal&#8230;<\/p>\n","protected":false},"author":1,"featured_media":7656,"comment_status":"open","ping_status":"open","sticky":false,"template":"","format":"standard","meta":{"footnotes":""},"categories":[1,27],"tags":[],"class_list":["post-7655","post","type-post","status-publish","format-standard","has-post-thumbnail","hentry","category-actualidad","category-sociedad"],"_links":{"self":[{"href":"https:\/\/infogandia.es\/index.php\/wp-json\/wp\/v2\/posts\/7655","targetHints":{"allow":["GET"]}}],"collection":[{"href":"https:\/\/infogandia.es\/index.php\/wp-json\/wp\/v2\/posts"}],"about":[{"href":"https:\/\/infogandia.es\/index.php\/wp-json\/wp\/v2\/types\/post"}],"author":[{"embeddable":true,"href":"https:\/\/infogandia.es\/index.php\/wp-json\/wp\/v2\/users\/1"}],"replies":[{"embeddable":true,"href":"https:\/\/infogandia.es\/index.php\/wp-json\/wp\/v2\/comments?post=7655"}],"version-history":[{"count":1,"href":"https:\/\/infogandia.es\/index.php\/wp-json\/wp\/v2\/posts\/7655\/revisions"}],"predecessor-version":[{"id":7657,"href":"https:\/\/infogandia.es\/index.php\/wp-json\/wp\/v2\/posts\/7655\/revisions\/7657"}],"wp:featuredmedia":[{"embeddable":true,"href":"https:\/\/infogandia.es\/index.php\/wp-json\/wp\/v2\/media\/7656"}],"wp:attachment":[{"href":"https:\/\/infogandia.es\/index.php\/wp-json\/wp\/v2\/media?parent=7655"}],"wp:term":[{"taxonomy":"category","embeddable":true,"href":"https:\/\/infogandia.es\/index.php\/wp-json\/wp\/v2\/categories?post=7655"},{"taxonomy":"post_tag","embeddable":true,"href":"https:\/\/infogandia.es\/index.php\/wp-json\/wp\/v2\/tags?post=7655"}],"curies":[{"name":"wp","href":"https:\/\/api.w.org\/{rel}","templated":true}]}}