{"id":7664,"date":"2025-11-25T11:34:34","date_gmt":"2025-11-25T11:34:34","guid":{"rendered":"https:\/\/infogandia.es\/?p=7664"},"modified":"2025-11-25T11:34:34","modified_gmt":"2025-11-25T11:34:34","slug":"gandia-conmemora-el-dia-internacional-contra-la-violencia-de-genero-bajo-el-lema-vivas-libres-y-sin-miedo","status":"publish","type":"post","link":"https:\/\/infogandia.es\/index.php\/2025\/11\/25\/gandia-conmemora-el-dia-internacional-contra-la-violencia-de-genero-bajo-el-lema-vivas-libres-y-sin-miedo\/","title":{"rendered":"Gand\u00eda conmemora el D\u00eda Internacional contra la Violencia de G\u00e9nero bajo el lema \u201cVivas, libres y sin miedo\u201d"},"content":{"rendered":"\n<p>Gand\u00eda ha conmemorado hoy, 25 de noviembre, el D\u00eda Internacional para la Eliminaci\u00f3n de la Violencia contra la Mujer con una programaci\u00f3n de actividades educativas, participativas y de sensibilizaci\u00f3n que se desarrollan en la plaza Mayor y en diferentes puntos de la ciudad.<\/p>\n\n\n\n<p>Bajo el lema <strong>\u201cVivas, libres y sin miedo\u201d<\/strong>, el Ayuntamiento resume la esencia de la lucha contra la violencia de g\u00e9nero: la reivindicaci\u00f3n del derecho fundamental de todas las mujeres a vivir con dignidad y seguridad. \u201cVivas\u201d recuerda que cada vida es valiosa y que la violencia jam\u00e1s debe arrebatarla; \u201clibres\u201d afirma que ninguna mujer debe vivir condicionada por la discriminaci\u00f3n o la sumisi\u00f3n; y \u201csin miedo\u201d anima a romper silencios y avanzar hacia una sociedad m\u00e1s justa, igualitaria y respetuosa. Un lema que no solo denuncia, sino que inspira acci\u00f3n, esperanza y compromiso colectivo.<\/p>\n\n\n\n<p>Este a\u00f1o, de manera especial, el municipio pone el foco en la <strong>violencia vicaria<\/strong>, a trav\u00e9s de la actividad del proyecto <strong>\u201cTejiendo humanidad\u201d<\/strong>, perteneciente a la iniciativa <strong>\u201cEl latido de las mariposas\u201d<\/strong>.<\/p>\n\n\n\n<figure class=\"wp-block-image size-large\"><img fetchpriority=\"high\" decoding=\"async\" width=\"1024\" height=\"768\" src=\"http:\/\/infogandia.es\/wp-content\/uploads\/2025\/11\/Papallona-Dia-Violencia-Genere-1024x768.jpg\" alt=\"\" class=\"wp-image-7665\" srcset=\"https:\/\/infogandia.es\/wp-content\/uploads\/2025\/11\/Papallona-Dia-Violencia-Genere-1024x768.jpg 1024w, https:\/\/infogandia.es\/wp-content\/uploads\/2025\/11\/Papallona-Dia-Violencia-Genere-300x225.jpg 300w, https:\/\/infogandia.es\/wp-content\/uploads\/2025\/11\/Papallona-Dia-Violencia-Genere-768x576.jpg 768w, https:\/\/infogandia.es\/wp-content\/uploads\/2025\/11\/Papallona-Dia-Violencia-Genere-1536x1152.jpg 1536w, https:\/\/infogandia.es\/wp-content\/uploads\/2025\/11\/Papallona-Dia-Violencia-Genere.jpg 1600w\" sizes=\"(max-width: 1024px) 100vw, 1024px\" \/><\/figure>\n\n\n\n<p>La jornada ha comenzado a las <strong>10:00 h<\/strong> con la actividad del proyecto <em>Tejiendo humanidad<\/em>, en la que diversas asociaciones de mujeres han participado en un taller de confecci\u00f3n de mariposas textiles en la plaza Mayor.<\/p>\n\n\n\n<p>A las <strong>10:30 h<\/strong> se ha instalado el <strong>punto violeta<\/strong>, un espacio dedicado a informar y sensibilizar sobre la violencia de g\u00e9nero.<\/p>\n\n\n\n<p>A partir de las <strong>11:00 h<\/strong>, alumnado de los centros educativos <strong>CEIP Mond\u00faver, CEIP Joan Martorell, IES Mar\u00eda Enr\u00edquez y Colegio Esclavas de Benirredr\u00e0<\/strong> ha estampado sus huellas dactilares sobre un gran lienzo colectivo con forma de mariposa, en homenaje a las mujeres asesinadas por violencia de g\u00e9nero. Este mural ser\u00e1 expuesto posteriormente en un lugar visible de la plaza, acompa\u00f1ado de pancartas y trabajos realizados por el propio alumnado.<\/p>\n\n\n\n<p>El <strong>acto institucional<\/strong> ha dado comienzo a las <strong>12:00 h<\/strong> en la fachada del Ayuntamiento, con la bienvenida de la presentadora y un minuto de silencio en memoria de las v\u00edctimas.<\/p>\n\n\n\n<p>A las <strong>12:05 h<\/strong>, la <strong>Xarxa Feminista de La Safor<\/strong> ha llevado a cabo la lectura del manifiesto contra la violencia de g\u00e9nero.<\/p>\n\n\n\n<p>A las <strong>12:15 h<\/strong>, una representante del proyecto <em>El latido de las mariposas<\/em> ha explicado los objetivos y el alcance de esta iniciativa social y educativa.<\/p>\n\n\n\n<p>Durante toda la jornada, la fachada del Ayuntamiento luce una gran <strong>mariposa tejida<\/strong> en el balc\u00f3n principal, as\u00ed como la <strong>banderola conmemorativa del 25N<\/strong>, en se\u00f1al de apoyo, respeto y visibilizaci\u00f3n de esta fecha tan significativa.<\/p>\n","protected":false},"excerpt":{"rendered":"<p>Gand\u00eda ha conmemorado hoy, 25 de noviembre, el D\u00eda Internacional para la Eliminaci\u00f3n de la Violencia contra la Mujer con una programaci\u00f3n de actividades educativas, participativas y de sensibilizaci\u00f3n que se desarrollan en la plaza Mayor y en diferentes puntos de la ciudad. Bajo el lema \u201cVivas, libres y sin miedo\u201d, el Ayuntamiento resume la&#8230;<\/p>\n","protected":false},"author":1,"featured_media":7666,"comment_status":"open","ping_status":"open","sticky":false,"template":"","format":"standard","meta":{"footnotes":""},"categories":[1,27],"tags":[],"class_list":["post-7664","post","type-post","status-publish","format-standard","has-post-thumbnail","hentry","category-actualidad","category-sociedad"],"_links":{"self":[{"href":"https:\/\/infogandia.es\/index.php\/wp-json\/wp\/v2\/posts\/7664","targetHints":{"allow":["GET"]}}],"collection":[{"href":"https:\/\/infogandia.es\/index.php\/wp-json\/wp\/v2\/posts"}],"about":[{"href":"https:\/\/infogandia.es\/index.php\/wp-json\/wp\/v2\/types\/post"}],"author":[{"embeddable":true,"href":"https:\/\/infogandia.es\/index.php\/wp-json\/wp\/v2\/users\/1"}],"replies":[{"embeddable":true,"href":"https:\/\/infogandia.es\/index.php\/wp-json\/wp\/v2\/comments?post=7664"}],"version-history":[{"count":1,"href":"https:\/\/infogandia.es\/index.php\/wp-json\/wp\/v2\/posts\/7664\/revisions"}],"predecessor-version":[{"id":7667,"href":"https:\/\/infogandia.es\/index.php\/wp-json\/wp\/v2\/posts\/7664\/revisions\/7667"}],"wp:featuredmedia":[{"embeddable":true,"href":"https:\/\/infogandia.es\/index.php\/wp-json\/wp\/v2\/media\/7666"}],"wp:attachment":[{"href":"https:\/\/infogandia.es\/index.php\/wp-json\/wp\/v2\/media?parent=7664"}],"wp:term":[{"taxonomy":"category","embeddable":true,"href":"https:\/\/infogandia.es\/index.php\/wp-json\/wp\/v2\/categories?post=7664"},{"taxonomy":"post_tag","embeddable":true,"href":"https:\/\/infogandia.es\/index.php\/wp-json\/wp\/v2\/tags?post=7664"}],"curies":[{"name":"wp","href":"https:\/\/api.w.org\/{rel}","templated":true}]}}