{"id":7671,"date":"2025-11-26T08:50:28","date_gmt":"2025-11-26T08:50:28","guid":{"rendered":"https:\/\/infogandia.es\/?p=7671"},"modified":"2025-11-26T08:54:15","modified_gmt":"2025-11-26T08:54:15","slug":"gandia-celebrara-la-falla-a-la-mar-del-4-al-7-de-diciembre-con-actividades-para-todos-los-publicos","status":"publish","type":"post","link":"https:\/\/infogandia.es\/index.php\/2025\/11\/26\/gandia-celebrara-la-falla-a-la-mar-del-4-al-7-de-diciembre-con-actividades-para-todos-los-publicos\/","title":{"rendered":"Gandia celebrar\u00e1 la \u2018Falla a la Mar\u2019 del 4 al 7 de diciembre con actividades para todos los p\u00fablicos"},"content":{"rendered":"\n<p>La ciudad de Gandia celebrar\u00e1 del 4 al 7 de diciembre la \u2018Falla a la Mar\u2019, un evento que tuvo que aplazarse durante el pasado puente de octubre debido a las malas condiciones meteorol\u00f3gicas. Esta edici\u00f3n reunir\u00e1 propuestas para todas las edades, combinando deporte, m\u00fasica, gastronom\u00eda y las tradiciones falleras.<\/p>\n\n\n\n<p>El epicentro de la celebraci\u00f3n ser\u00e1 el <strong>carrer Gal\u00edcia<\/strong>, donde se instalar\u00e1 el monumento fallero y donde, adem\u00e1s, se ofrecer\u00e1n visitas guiadas gratuitas todos los d\u00edas.<\/p>\n\n\n\n<p>Las actividades comenzar\u00e1n el <strong>jueves 4 de diciembre<\/strong> con la <em>plant\u00e0<\/em> del monumento fallero y la apertura de las visitas guiadas.<\/p>\n\n\n\n<p>El <strong>viernes 5 de diciembre<\/strong>, a partir de las 9:30 horas, arrancar\u00e1 el programa deportivo con <em>Esports a la Mar<\/em> en el Escenario 1, mientras contin\u00faan las visitas al monumento. Por la noche, a las 20:30 horas, el Parc de la Festa acoger\u00e1 uno de los actos m\u00e1s esperados: el <strong>Concurso de Fideu\u00e0 de las Fallas de Gandia<\/strong>, un encuentro gastron\u00f3mico en el que las comisiones falleras competir\u00e1n en un ambiente festivo con este plato tradicional como protagonista.<\/p>\n\n\n\n<p>El <strong>s\u00e1bado 6 de diciembre<\/strong> ser\u00e1 una de las jornadas m\u00e1s animadas, con nuevas actividades de <em>Esports a la Mar<\/em> y <em>Jocs a la Mar<\/em>. Adem\u00e1s, el Escenario 3 se llenar\u00e1 de m\u00fasica con el concierto de <strong>Luis el Belga y German Brother<\/strong>. Las visitas guiadas al monumento se mantendr\u00e1n durante toda la ma\u00f1ana y la tarde.<\/p>\n\n\n\n<p>El <strong>domingo 7 de diciembre<\/strong> combinar\u00e1 nuevamente deporte y tradici\u00f3n, con sesiones de <em>Esports a la Mar<\/em> y la actuaci\u00f3n del grupo <strong>La Mocha<\/strong> al mediod\u00eda en el carrer Gal\u00edcia. Ya por la tarde, a las 18:30 horas, se celebrar\u00e1 el <strong>Pasacalle Fallero<\/strong>, que partir\u00e1 desde la explanada de la Marina de Gandia hasta el carrer Vicente Calder\u00f3n.<\/p>\n\n\n\n<p>A las 20:00 horas, una <strong>masclet\u00e0 nocturna<\/strong> iluminar\u00e1 el cielo del Grau como antesala de la <strong>crem\u00e0 de la falla<\/strong>, prevista para las 20:30 horas, que pondr\u00e1 el broche final a esta edici\u00f3n.<\/p>\n\n\n\n<p>La iniciativa est\u00e1 impulsada por el Ayuntamiento de Gandia, la Federaci\u00f3n de Fallas de Gandia, la Junta Local Fallera, Val\u00e8ncia Turisme y el proyecto Actitud Mediterr\u00e0nia, con el objetivo de acercar la fiesta fallera a los turistas y ofrecer una experiencia diferenciada a los visitantes.<\/p>\n","protected":false},"excerpt":{"rendered":"<p>La ciudad de Gandia celebrar\u00e1 del 4 al 7 de diciembre la \u2018Falla a la Mar\u2019, un evento que tuvo que aplazarse durante el pasado puente de octubre debido a las malas condiciones meteorol\u00f3gicas. Esta edici\u00f3n reunir\u00e1 propuestas para todas las edades, combinando deporte, m\u00fasica, gastronom\u00eda y las tradiciones falleras. El epicentro de la celebraci\u00f3n&#8230;<\/p>\n","protected":false},"author":1,"featured_media":7672,"comment_status":"open","ping_status":"open","sticky":false,"template":"","format":"standard","meta":{"footnotes":""},"categories":[1,27],"tags":[],"class_list":["post-7671","post","type-post","status-publish","format-standard","has-post-thumbnail","hentry","category-actualidad","category-sociedad"],"_links":{"self":[{"href":"https:\/\/infogandia.es\/index.php\/wp-json\/wp\/v2\/posts\/7671","targetHints":{"allow":["GET"]}}],"collection":[{"href":"https:\/\/infogandia.es\/index.php\/wp-json\/wp\/v2\/posts"}],"about":[{"href":"https:\/\/infogandia.es\/index.php\/wp-json\/wp\/v2\/types\/post"}],"author":[{"embeddable":true,"href":"https:\/\/infogandia.es\/index.php\/wp-json\/wp\/v2\/users\/1"}],"replies":[{"embeddable":true,"href":"https:\/\/infogandia.es\/index.php\/wp-json\/wp\/v2\/comments?post=7671"}],"version-history":[{"count":1,"href":"https:\/\/infogandia.es\/index.php\/wp-json\/wp\/v2\/posts\/7671\/revisions"}],"predecessor-version":[{"id":7673,"href":"https:\/\/infogandia.es\/index.php\/wp-json\/wp\/v2\/posts\/7671\/revisions\/7673"}],"wp:featuredmedia":[{"embeddable":true,"href":"https:\/\/infogandia.es\/index.php\/wp-json\/wp\/v2\/media\/7672"}],"wp:attachment":[{"href":"https:\/\/infogandia.es\/index.php\/wp-json\/wp\/v2\/media?parent=7671"}],"wp:term":[{"taxonomy":"category","embeddable":true,"href":"https:\/\/infogandia.es\/index.php\/wp-json\/wp\/v2\/categories?post=7671"},{"taxonomy":"post_tag","embeddable":true,"href":"https:\/\/infogandia.es\/index.php\/wp-json\/wp\/v2\/tags?post=7671"}],"curies":[{"name":"wp","href":"https:\/\/api.w.org\/{rel}","templated":true}]}}