{"id":7677,"date":"2025-11-26T16:06:29","date_gmt":"2025-11-26T16:06:29","guid":{"rendered":"https:\/\/infogandia.es\/?p=7677"},"modified":"2025-11-26T16:06:34","modified_gmt":"2025-11-26T16:06:34","slug":"el-pp-de-gandia-celebra-la-inversion-de-la-diputacion-en-proyectos-de-igualdad-para-la-ciudad","status":"publish","type":"post","link":"https:\/\/infogandia.es\/index.php\/2025\/11\/26\/el-pp-de-gandia-celebra-la-inversion-de-la-diputacion-en-proyectos-de-igualdad-para-la-ciudad\/","title":{"rendered":"El PP de Gandia celebra la inversi\u00f3n de la Diputaci\u00f3n en proyectos de igualdad para la ciudad"},"content":{"rendered":"\n<p>\u00b7 Soler: \u201cLejos de los titulares u otras interpretaciones, la colaboraci\u00f3n con la Diputaci\u00f3n es y seguir\u00e1 siendo un signo de distinci\u00f3n de esta legislatura.\u201d<\/p>\n\n\n\n<p>Gandia, 26 de noviembre de 2025.\u2013 El Partido Popular de Gandia ha valorado muy positivamente la asignaci\u00f3n de <strong>15.500 euros<\/strong> que la Diputaci\u00f3n de Valencia destina al municipio dentro de la l\u00ednea de subvenciones para proyectos de igualdad. Esta ayuda permitir\u00e1 impulsar programas centrados en la prevenci\u00f3n, la formaci\u00f3n y la sensibilizaci\u00f3n contra la violencia de g\u00e9nero y la desigualdad.<\/p>\n\n\n\n<p>El presidente del PP de Gandia, <strong>V\u00edctor Soler<\/strong>, ha destacado que esta inversi\u00f3n \u201crepresenta una oportunidad para reforzar las pol\u00edticas de igualdad en nuestro municipio y avanzar en la protecci\u00f3n de las personas m\u00e1s vulnerables con acciones eficaces\u201d.<\/p>\n\n\n\n<figure class=\"wp-block-image size-full is-resized\"><img fetchpriority=\"high\" decoding=\"async\" width=\"338\" height=\"221\" src=\"http:\/\/infogandia.es\/wp-content\/uploads\/2025\/11\/Foto-Soler-Mompo.jpg\" alt=\"\" class=\"wp-image-7679\" style=\"width:840px;height:auto\" srcset=\"https:\/\/infogandia.es\/wp-content\/uploads\/2025\/11\/Foto-Soler-Mompo.jpg 338w, https:\/\/infogandia.es\/wp-content\/uploads\/2025\/11\/Foto-Soler-Mompo-300x196.jpg 300w\" sizes=\"(max-width: 338px) 100vw, 338px\" \/><\/figure>\n\n\n\n<p>Seg\u00fan ha explicado la formaci\u00f3n, esta financiaci\u00f3n posibilitar\u00e1 el desarrollo de iniciativas que incidan directamente en la educaci\u00f3n, la prevenci\u00f3n de la violencia y la promoci\u00f3n de relaciones basadas en el respeto y la igualdad.<\/p>\n\n\n\n<p>Soler ha a\u00f1adido que, \u201clejos de los titulares u otras interpretaciones, la colaboraci\u00f3n con la Diputaci\u00f3n es y seguir\u00e1 siendo un signo de distinci\u00f3n de esta legislatura\u201d.<\/p>\n\n\n\n<p>Asimismo, ha subrayado que Gandia \u201cno puede permitirse renunciar a ninguna inversi\u00f3n que beneficie a los vecinos\u201d, y ha reiterado el compromiso del PP de \u201capoyar y trabajar por todo aquello que suponga mejoras reales para la ciudad, defendiendo siempre la colaboraci\u00f3n entre administraciones\u201d.<\/p>\n","protected":false},"excerpt":{"rendered":"<p>\u00b7 Soler: \u201cLejos de los titulares u otras interpretaciones, la colaboraci\u00f3n con la Diputaci\u00f3n es y seguir\u00e1 siendo un signo de distinci\u00f3n de esta legislatura.\u201d Gandia, 26 de noviembre de 2025.\u2013 El Partido Popular de Gandia ha valorado muy positivamente la asignaci\u00f3n de 15.500 euros que la Diputaci\u00f3n de Valencia destina al municipio dentro de&#8230;<\/p>\n","protected":false},"author":1,"featured_media":7678,"comment_status":"open","ping_status":"open","sticky":false,"template":"","format":"standard","meta":{"footnotes":""},"categories":[1,3],"tags":[],"class_list":["post-7677","post","type-post","status-publish","format-standard","has-post-thumbnail","hentry","category-actualidad","category-politica"],"_links":{"self":[{"href":"https:\/\/infogandia.es\/index.php\/wp-json\/wp\/v2\/posts\/7677","targetHints":{"allow":["GET"]}}],"collection":[{"href":"https:\/\/infogandia.es\/index.php\/wp-json\/wp\/v2\/posts"}],"about":[{"href":"https:\/\/infogandia.es\/index.php\/wp-json\/wp\/v2\/types\/post"}],"author":[{"embeddable":true,"href":"https:\/\/infogandia.es\/index.php\/wp-json\/wp\/v2\/users\/1"}],"replies":[{"embeddable":true,"href":"https:\/\/infogandia.es\/index.php\/wp-json\/wp\/v2\/comments?post=7677"}],"version-history":[{"count":1,"href":"https:\/\/infogandia.es\/index.php\/wp-json\/wp\/v2\/posts\/7677\/revisions"}],"predecessor-version":[{"id":7680,"href":"https:\/\/infogandia.es\/index.php\/wp-json\/wp\/v2\/posts\/7677\/revisions\/7680"}],"wp:featuredmedia":[{"embeddable":true,"href":"https:\/\/infogandia.es\/index.php\/wp-json\/wp\/v2\/media\/7678"}],"wp:attachment":[{"href":"https:\/\/infogandia.es\/index.php\/wp-json\/wp\/v2\/media?parent=7677"}],"wp:term":[{"taxonomy":"category","embeddable":true,"href":"https:\/\/infogandia.es\/index.php\/wp-json\/wp\/v2\/categories?post=7677"},{"taxonomy":"post_tag","embeddable":true,"href":"https:\/\/infogandia.es\/index.php\/wp-json\/wp\/v2\/tags?post=7677"}],"curies":[{"name":"wp","href":"https:\/\/api.w.org\/{rel}","templated":true}]}}