{"id":7681,"date":"2025-11-26T16:08:00","date_gmt":"2025-11-26T16:08:00","guid":{"rendered":"https:\/\/infogandia.es\/?p=7681"},"modified":"2025-11-26T16:08:00","modified_gmt":"2025-11-26T16:08:00","slug":"el-grau-de-gandia-celebra-las-fiestas-de-san-nicolas-2025-hasta-el-proximo-6-de-diciembre","status":"publish","type":"post","link":"https:\/\/infogandia.es\/index.php\/2025\/11\/26\/el-grau-de-gandia-celebra-las-fiestas-de-san-nicolas-2025-hasta-el-proximo-6-de-diciembre\/","title":{"rendered":"El Grau de Gandia celebra las Fiestas de San Nicol\u00e1s 2025 hasta el pr\u00f3ximo 6 de diciembre"},"content":{"rendered":"\n<p>Elena Moncho, presidenta de la Junta de Distrito del Grau, junto a David Peris, clavario de las fiestas, y Manolo Garc\u00eda, miembro de la directiva, han presentado esta ma\u00f1ana en rueda de prensa las <strong>Fiestas de San Nicol\u00e1s 2025<\/strong>, que se desarrollar\u00e1n hasta el 6 de diciembre.<\/p>\n\n\n\n<p>Moncho ha destacado que se trata de unas celebraciones \u201cmuy arraigadas en el barrio y tambi\u00e9n muy queridas por el resto de Gandia\u201d, subrayando la fuerte devoci\u00f3n que el Grau mantiene por San Nicol\u00e1s, un sentimiento \u201ctransmitido de abuelos a padres y de padres a hijos y que contin\u00faa muy vivo\u201d.<\/p>\n\n\n\n<p>La presidenta ha recordado que, aunque el preg\u00f3n y la misa de inicio tuvieron lugar el pasado domingo, \u201cser\u00e1 este viernes cuando arranque toda la programaci\u00f3n hasta el 6 de diciembre, d\u00eda grande de San Nicol\u00e1s\u201d.<\/p>\n\n\n\n<p>Peris ha hecho una invitaci\u00f3n especial a los ni\u00f1os y ni\u00f1as para participar en la jornada dedicada a los m\u00e1s peque\u00f1os, que se celebrar\u00e1 el <strong>29 de noviembre<\/strong>, con juegos, actividades y una <strong>fideu\u00e0 popular<\/strong> para todo el vecindario, adem\u00e1s de juegos y una chocolatada por la tarde.<\/p>\n\n\n\n<p>Por su parte, Garc\u00eda ha detallado la programaci\u00f3n completa y ha animado \u201ca todo el Grau y a toda Gandia a participar y disfrutar de unos d\u00edas llenos de tradici\u00f3n y convivencia\u201d.<\/p>\n\n\n\n<hr class=\"wp-block-separator has-alpha-channel-opacity\"\/>\n\n\n\n<h3 class=\"wp-block-heading\"><strong>Programa de actos<\/strong><\/h3>\n\n\n\n<p><strong>29 de noviembre<\/strong><br>\u00b7 Feria de juegos, de 12:00 a 17:00 h.<\/p>\n\n\n\n<p><strong>1, 2 y 3 de diciembre<\/strong><br>\u00b7 Caminatas populares a partir de las 18:00 h.<br>\u00b7 Al finalizar, degustaci\u00f3n de casta\u00f1as y mistela para todos los asistentes.<\/p>\n\n\n\n<p><strong>4 de diciembre (jueves)<\/strong><br>\u00b7 Concierto en el Sal\u00f3n de Actos, a las 19:30 h.<\/p>\n\n\n\n<p><strong>6 de diciembre \u2013 D\u00eda de San Nicol\u00e1s<\/strong><br>\u00b7 Despert\u00e0.<br>\u00b7 Pasacalle.<br>\u00b7 Misa en honor al patr\u00f3n.<br>\u00b7 Comida de hermandad.<br>\u00b7 Procesi\u00f3n a las 18:00 h.<\/p>\n","protected":false},"excerpt":{"rendered":"<p>Elena Moncho, presidenta de la Junta de Distrito del Grau, junto a David Peris, clavario de las fiestas, y Manolo Garc\u00eda, miembro de la directiva, han presentado esta ma\u00f1ana en rueda de prensa las Fiestas de San Nicol\u00e1s 2025, que se desarrollar\u00e1n hasta el 6 de diciembre. Moncho ha destacado que se trata de unas&#8230;<\/p>\n","protected":false},"author":1,"featured_media":7682,"comment_status":"open","ping_status":"open","sticky":false,"template":"","format":"standard","meta":{"footnotes":""},"categories":[1,27],"tags":[],"class_list":["post-7681","post","type-post","status-publish","format-standard","has-post-thumbnail","hentry","category-actualidad","category-sociedad"],"_links":{"self":[{"href":"https:\/\/infogandia.es\/index.php\/wp-json\/wp\/v2\/posts\/7681","targetHints":{"allow":["GET"]}}],"collection":[{"href":"https:\/\/infogandia.es\/index.php\/wp-json\/wp\/v2\/posts"}],"about":[{"href":"https:\/\/infogandia.es\/index.php\/wp-json\/wp\/v2\/types\/post"}],"author":[{"embeddable":true,"href":"https:\/\/infogandia.es\/index.php\/wp-json\/wp\/v2\/users\/1"}],"replies":[{"embeddable":true,"href":"https:\/\/infogandia.es\/index.php\/wp-json\/wp\/v2\/comments?post=7681"}],"version-history":[{"count":1,"href":"https:\/\/infogandia.es\/index.php\/wp-json\/wp\/v2\/posts\/7681\/revisions"}],"predecessor-version":[{"id":7683,"href":"https:\/\/infogandia.es\/index.php\/wp-json\/wp\/v2\/posts\/7681\/revisions\/7683"}],"wp:featuredmedia":[{"embeddable":true,"href":"https:\/\/infogandia.es\/index.php\/wp-json\/wp\/v2\/media\/7682"}],"wp:attachment":[{"href":"https:\/\/infogandia.es\/index.php\/wp-json\/wp\/v2\/media?parent=7681"}],"wp:term":[{"taxonomy":"category","embeddable":true,"href":"https:\/\/infogandia.es\/index.php\/wp-json\/wp\/v2\/categories?post=7681"},{"taxonomy":"post_tag","embeddable":true,"href":"https:\/\/infogandia.es\/index.php\/wp-json\/wp\/v2\/tags?post=7681"}],"curies":[{"name":"wp","href":"https:\/\/api.w.org\/{rel}","templated":true}]}}