{"id":7684,"date":"2025-11-26T16:08:31","date_gmt":"2025-11-26T16:08:31","guid":{"rendered":"https:\/\/infogandia.es\/?p=7684"},"modified":"2025-11-26T16:08:31","modified_gmt":"2025-11-26T16:08:31","slug":"gandia-conmemora-el-dia-mundial-de-la-lucha-contra-el-vih-sida-el-proximo-1-de-diciembre-con-actividades-de-prevencion-y-concienciacion","status":"publish","type":"post","link":"https:\/\/infogandia.es\/index.php\/2025\/11\/26\/gandia-conmemora-el-dia-mundial-de-la-lucha-contra-el-vih-sida-el-proximo-1-de-diciembre-con-actividades-de-prevencion-y-concienciacion\/","title":{"rendered":"Gandia conmemora el D\u00eda Mundial de la Lucha contra el VIH-SIDA el pr\u00f3ximo 1 de diciembre con actividades de prevenci\u00f3n y concienciaci\u00f3n"},"content":{"rendered":"\n<p>La concejala de Sanidad del Ayuntamiento de Gandia, Liduvina Gil, junto a Ximo L\u00f3pez, presidente del Colectivo de Gais, Lesbianas, Bisexuales y Transg\u00e9nero de Gandia (CLGS), ha presentado hoy la programaci\u00f3n de actividades organizada con motivo del <strong>D\u00eda Mundial de la Lucha contra el VIH-SIDA<\/strong>, que se celebrar\u00e1 el pr\u00f3ximo <strong>1 de diciembre<\/strong>.<\/p>\n\n\n\n<p>Gil ha explicado que esta iniciativa pretende reafirmar el compromiso del Ayuntamiento y del CLGS con la <strong>prevenci\u00f3n, sensibilizaci\u00f3n y atenci\u00f3n<\/strong> a las personas que viven con VIH, adem\u00e1s de visibilizar la realidad de la enfermedad en la ciudad. \u201cComenzaremos el 1 de diciembre en la Pla\u00e7a Major con la lectura de un manifiesto institucional y la colocaci\u00f3n de una pancarta conmemorativa, y continuaremos con actividades de gran calidad para concienciar y apoyar a las personas afectadas por el VIH\u201d, ha se\u00f1alado.<\/p>\n\n\n\n<p>Seg\u00fan datos de la Direcci\u00f3n General de Salud P\u00fablica de la Generalitat Valenciana, al cierre de 2020 se diagnosticaron <strong>439 casos de VIH<\/strong> en la Comunitat Valenciana, en su mayor\u00eda hombres con una edad media de 36,5 a\u00f1os. \u201cAunque no se prev\u00e9 un aumento significativo, el VIH sigue siendo una realidad local que no debemos ignorar\u201d, ha a\u00f1adido la concejala.<\/p>\n\n\n\n<p>Gil ha insistido en la importancia del <strong>diagn\u00f3stico precoz<\/strong> y del acceso al <strong>tratamiento antirretroviral<\/strong>, que actualmente reciben unas 15.000 personas en la Comunitat. \u201cEl tratamiento reduce la carga viral hasta niveles indetectables, mejora la calidad de vida y evita la transmisi\u00f3n del virus\u201d, ha subrayado.<\/p>\n\n\n\n<p>Por su parte, Ximo L\u00f3pez ha recordado que, pese a los avances m\u00e9dicos, el VIH contin\u00faa rodeado de estigma y desinformaci\u00f3n, especialmente en el colectivo LGTBIQ+. \u201cPor ello hemos preparado diversas actividades \u2014proyecciones de cine, lecturas teatrales y presentaciones de libros\u2014 para visibilizar la situaci\u00f3n actual del VIH y fomentar la educaci\u00f3n y la prevenci\u00f3n entre j\u00f3venes y adultos\u201d, ha explicado.<\/p>\n\n\n\n<p>Entre las actividades programadas destacan:<\/p>\n\n\n\n<ul class=\"wp-block-list\">\n<li><strong>1 de diciembre:<\/strong> lectura institucional y colocaci\u00f3n de la pancarta en la fachada del Ayuntamiento en la Pla\u00e7a Major.<\/li>\n\n\n\n<li><strong>3 de diciembre:<\/strong> proyecci\u00f3n de la pel\u00edcula <em>Teo &amp; Hugo, Par\u00eds 5:59<\/em> en la Sala B del Teatre Serrano, seguida de un coloquio a las 19 h.<\/li>\n\n\n\n<li><strong>4 de diciembre:<\/strong> lectura teatralizada y presentaci\u00f3n del libro <em>En tu piel se quema el tiempo<\/em>, con la participaci\u00f3n del autor, Sebasti\u00e1n Moreno, y de la actriz Roc\u00edo Ladr\u00f3n de Guevara.<\/li>\n\n\n\n<li><strong>2 y 4 de diciembre:<\/strong> mesas informativas en institutos para promover la educaci\u00f3n sexual y la realizaci\u00f3n de pruebas de forma confidencial.<\/li>\n<\/ul>\n\n\n\n<p>Finalmente, L\u00f3pez ha alertado sobre el incremento de otras infecciones de transmisi\u00f3n sexual en Gandia y ha destacado la importancia de mantener campa\u00f1as de prevenci\u00f3n ante fen\u00f3menos como el <em>chemsex<\/em>, as\u00ed como de facilitar el acceso directo a las pruebas de VIH sin necesidad de pasar por el m\u00e9dico de cabecera.<\/p>\n","protected":false},"excerpt":{"rendered":"<p>La concejala de Sanidad del Ayuntamiento de Gandia, Liduvina Gil, junto a Ximo L\u00f3pez, presidente del Colectivo de Gais, Lesbianas, Bisexuales y Transg\u00e9nero de Gandia (CLGS), ha presentado hoy la programaci\u00f3n de actividades organizada con motivo del D\u00eda Mundial de la Lucha contra el VIH-SIDA, que se celebrar\u00e1 el pr\u00f3ximo 1 de diciembre. Gil ha&#8230;<\/p>\n","protected":false},"author":1,"featured_media":7685,"comment_status":"open","ping_status":"open","sticky":false,"template":"","format":"standard","meta":{"footnotes":""},"categories":[1,2,27],"tags":[],"class_list":["post-7684","post","type-post","status-publish","format-standard","has-post-thumbnail","hentry","category-actualidad","category-salud","category-sociedad"],"_links":{"self":[{"href":"https:\/\/infogandia.es\/index.php\/wp-json\/wp\/v2\/posts\/7684","targetHints":{"allow":["GET"]}}],"collection":[{"href":"https:\/\/infogandia.es\/index.php\/wp-json\/wp\/v2\/posts"}],"about":[{"href":"https:\/\/infogandia.es\/index.php\/wp-json\/wp\/v2\/types\/post"}],"author":[{"embeddable":true,"href":"https:\/\/infogandia.es\/index.php\/wp-json\/wp\/v2\/users\/1"}],"replies":[{"embeddable":true,"href":"https:\/\/infogandia.es\/index.php\/wp-json\/wp\/v2\/comments?post=7684"}],"version-history":[{"count":1,"href":"https:\/\/infogandia.es\/index.php\/wp-json\/wp\/v2\/posts\/7684\/revisions"}],"predecessor-version":[{"id":7686,"href":"https:\/\/infogandia.es\/index.php\/wp-json\/wp\/v2\/posts\/7684\/revisions\/7686"}],"wp:featuredmedia":[{"embeddable":true,"href":"https:\/\/infogandia.es\/index.php\/wp-json\/wp\/v2\/media\/7685"}],"wp:attachment":[{"href":"https:\/\/infogandia.es\/index.php\/wp-json\/wp\/v2\/media?parent=7684"}],"wp:term":[{"taxonomy":"category","embeddable":true,"href":"https:\/\/infogandia.es\/index.php\/wp-json\/wp\/v2\/categories?post=7684"},{"taxonomy":"post_tag","embeddable":true,"href":"https:\/\/infogandia.es\/index.php\/wp-json\/wp\/v2\/tags?post=7684"}],"curies":[{"name":"wp","href":"https:\/\/api.w.org\/{rel}","templated":true}]}}